{"id":158229,"date":"2020-04-09T18:43:25","date_gmt":"2020-04-09T21:43:25","guid":{"rendered":"https:\/\/diarioregionaldigital.com.br\/?p=158229"},"modified":"2020-04-09T18:43:25","modified_gmt":"2020-04-09T21:43:25","slug":"roma-e-bilbao-estudam-desistir-de-sediar-eurocopa","status":"publish","type":"post","link":"https:\/\/diarioregionaldigital.com.br\/?p=158229","title":{"rendered":"Roma e Bilbao estudam desistir de sediar Eurocopa"},"content":{"rendered":"<p>Segundo informa\u00e7\u00f5es do jornal ingl\u00eas \u201cDaily Mail\u2019, as cidades de Roma e Bilbao estudam uma poss\u00edvel desist\u00eancia de sediarem jogos da Eurocopa. A principal competi\u00e7\u00e3o entre sele\u00e7\u00f5es do futebol europeu seria realizada entre os meses de junho e julho deste ano, no entanto em decorr\u00eancia da epidemia do Coronav\u00edrus, o torneio foi adiado para 2021.<\/p>\n<p>Diante dos fatos, um executivo da Associa\u00e7\u00e3o de Futebol Europeu (Uefa), revelou que n\u00e3o h\u00e1 nenhum posicionamento sobre o caso at\u00e9 o momento, mas que uma decis\u00e3o definitiva deve sair ainda no final do m\u00eas.<\/p>\n<p>O chefe do comit\u00ea-organizador de S\u00e3o Petersburgo, uma das cidades-sede, foi a p\u00fablico comentar sobre a publica\u00e7\u00e3o do \u201cDaily Mail\u201d e diz que n\u00e3o h\u00e1 motivos para confiar nas informa\u00e7\u00f5es divulgadas pelo jornal e que aguarda posicionamento das outras sedes da competi\u00e7\u00e3o:<\/p>\n<p>\u201cPrefiro ouvir as declara\u00e7\u00f5es oficiais da Uefa em vez das opini\u00f5es expressas por determinados meios de comunica\u00e7\u00e3o, mesmo que respeitados. Todas as cidades-sede t\u00eam tempo para refletir at\u00e9 o final do m\u00eas. Tudo ficar\u00e1 claro em 30 de abril, quando soubermos quais das cidades-sede da Eurocopa continuar\u00e3o com a organiza\u00e7\u00e3o e quais decidir\u00e3o abandonar esse processo\u201d.<\/p>\n<p>No m\u00eas de mar\u00e7o, a UEFA anunciou adiamento da Eurocopa para 2021. A edi\u00e7\u00e3o que seria realizada entre junho e julho deste ano, seria realizada em 12 cidades de 12 diferentes pa\u00edses: Wembley (Inglaterra), Munique (Alemanha), Roma (It\u00e1lia), Baku (Azerbaij\u00e3o), S\u00e3o Petersburgo (R\u00fassia), Bucareste (Rom\u00eania), Amsterd\u00e3 (Holanda), Dublin (Irlanda), Bilbao (Espanha), Budapeste (Hungria), Glasgow (Esc\u00f3cia) e Copenhague (Dinamarca).<\/p>\n<p>A ideia de realizar o torneio em 12 cidades de 12 pa\u00edses diferentes surgiu em 2012 quando o ex-jogador franc\u00eas Michel Platini era Presidente da entidade, para comemorar 60 anos da primeira edi\u00e7\u00e3o. Na \u00e9poca muitos avaliaram a iniciativa como um ato pol\u00edtico, mesmo diante das dificuldades de log\u00edstica.<\/p>\n<p><strong>Eurocopa<\/strong><\/p>\n<p><strong>\u00a0\u00a0\u00a0\u00a0\u00a0\u00a0\u00a0\u00a0\u00a0 <\/strong>O principal torneio entre sele\u00e7\u00f5es do futebol europeu surgiu em 1960 e teve como primeiro campe\u00e3o a extinta Uni\u00e3o Sovi\u00e9tica, ao vencer a tamb\u00e9m extinta Iugosl\u00e1via por 2&#215;1 na grande decis\u00e3o. Atual vencedor da competi\u00e7\u00e3o \u00e9 Portugal, campe\u00e3o em 2016 diante da Fran\u00e7a.<\/p>\n<p>At\u00e9 o momento 10 sele\u00e7\u00f5es levantaram o trof\u00e9u, tendo Alemanha e Espanha como os maiores vencedores, com 3 conquistas cada. Os alem\u00e3es venceram em 1972, 1980 e 1996, j\u00e1 a \u201cf\u00faria\u201d triunfou em 1964, 2008 e 2012.\u00a0 Atual campe\u00e3 do mundo, a Fran\u00e7a foi campe\u00e3 duas vezes em 1984 e 2000. Uni\u00e3o Sovi\u00e9tica (1960), It\u00e1lia (1968), Portugal (2016), Dinamarca (1992), Holanda (1988), Gr\u00e9cia (2004) e antiga Tchecoslov\u00e1quia (1976) venceram uma vez.<\/p>\n","protected":false},"excerpt":{"rendered":"<p>Segundo informa\u00e7\u00f5es do jornal ingl\u00eas \u201cDaily Mail\u2019, as cidades de Roma e Bilbao estudam uma poss\u00edvel desist\u00eancia de sediarem jogos da Eurocopa. A principal competi\u00e7\u00e3o entre sele\u00e7\u00f5es do futebol europeu seria realizada entre os meses de junho e julho deste ano, no entanto em decorr\u00eancia da epidemia do Coronav\u00edrus, o torneio foi adiado para 2021. [&hellip;]<\/p>\n","protected":false},"author":96,"featured_media":158230,"comment_status":"closed","ping_status":"closed","sticky":false,"template":"","format":"standard","meta":{"footnotes":""},"categories":[436,257,439],"tags":[],"class_list":["post-158229","post","type-post","status-publish","format-standard","has-post-thumbnail","hentry","category-destaque-da-semana","category-esporte","category-ultima-hora"],"_links":{"self":[{"href":"https:\/\/diarioregionaldigital.com.br\/index.php?rest_route=\/wp\/v2\/posts\/158229","targetHints":{"allow":["GET"]}}],"collection":[{"href":"https:\/\/diarioregionaldigital.com.br\/index.php?rest_route=\/wp\/v2\/posts"}],"about":[{"href":"https:\/\/diarioregionaldigital.com.br\/index.php?rest_route=\/wp\/v2\/types\/post"}],"author":[{"embeddable":true,"href":"https:\/\/diarioregionaldigital.com.br\/index.php?rest_route=\/wp\/v2\/users\/96"}],"replies":[{"embeddable":true,"href":"https:\/\/diarioregionaldigital.com.br\/index.php?rest_route=%2Fwp%2Fv2%2Fcomments&post=158229"}],"version-history":[{"count":0,"href":"https:\/\/diarioregionaldigital.com.br\/index.php?rest_route=\/wp\/v2\/posts\/158229\/revisions"}],"wp:featuredmedia":[{"embeddable":true,"href":"https:\/\/diarioregionaldigital.com.br\/index.php?rest_route=\/wp\/v2\/media\/158230"}],"wp:attachment":[{"href":"https:\/\/diarioregionaldigital.com.br\/index.php?rest_route=%2Fwp%2Fv2%2Fmedia&parent=158229"}],"wp:term":[{"taxonomy":"category","embeddable":true,"href":"https:\/\/diarioregionaldigital.com.br\/index.php?rest_route=%2Fwp%2Fv2%2Fcategories&post=158229"},{"taxonomy":"post_tag","embeddable":true,"href":"https:\/\/diarioregionaldigital.com.br\/index.php?rest_route=%2Fwp%2Fv2%2Ftags&post=158229"}],"curies":[{"name":"wp","href":"https:\/\/api.w.org\/{rel}","templated":true}]}}