{"id":158195,"date":"2020-04-09T17:18:01","date_gmt":"2020-04-09T20:18:01","guid":{"rendered":"https:\/\/diarioregionaldigital.com.br\/?p=158195"},"modified":"2020-04-09T17:18:01","modified_gmt":"2020-04-09T20:18:01","slug":"santa-casa-confirma-resultado-positivo-para-coronavirus","status":"publish","type":"post","link":"https:\/\/diarioregionaldigital.com.br\/?p=158195","title":{"rendered":"Santa Casa confirma resultado positivo para Coronav\u00edrus"},"content":{"rendered":"<p>A Santa Casa de Miseric\u00f3rdia de Juiz de Fora, confirmou nesta tarde de quinta-feira (9), resultado positivo para Coronav\u00edrus em um paciente. Segundo informa\u00e7\u00f5es, o paciente \u00e9 um homem de 53 anos, internado na Unidade de Tratamento Intensivo (UTI) e seu estado de sa\u00fade \u00e9 est\u00e1vel. A entidade tamb\u00e9m realizou exames em uma idosa de 90 anos, suspeita de ter Coronav\u00edrus, no entanto o resultado deu negativo.<\/p>\n","protected":false},"excerpt":{"rendered":"<p>A Santa Casa de Miseric\u00f3rdia de Juiz de Fora, confirmou nesta tarde de quinta-feira (9), resultado positivo para Coronav\u00edrus em um paciente. Segundo informa\u00e7\u00f5es, o paciente \u00e9 um homem de 53 anos, internado na Unidade de Tratamento Intensivo (UTI) e seu estado de sa\u00fade \u00e9 est\u00e1vel. A entidade tamb\u00e9m realizou exames em uma idosa de [&hellip;]<\/p>\n","protected":false},"author":96,"featured_media":158196,"comment_status":"closed","ping_status":"closed","sticky":false,"template":"","format":"standard","meta":{"footnotes":""},"categories":[253,436,440,439],"tags":[],"class_list":["post-158195","post","type-post","status-publish","format-standard","has-post-thumbnail","hentry","category-cidade","category-destaque-da-semana","category-destaques-do-dia","category-ultima-hora"],"_links":{"self":[{"href":"https:\/\/diarioregionaldigital.com.br\/index.php?rest_route=\/wp\/v2\/posts\/158195","targetHints":{"allow":["GET"]}}],"collection":[{"href":"https:\/\/diarioregionaldigital.com.br\/index.php?rest_route=\/wp\/v2\/posts"}],"about":[{"href":"https:\/\/diarioregionaldigital.com.br\/index.php?rest_route=\/wp\/v2\/types\/post"}],"author":[{"embeddable":true,"href":"https:\/\/diarioregionaldigital.com.br\/index.php?rest_route=\/wp\/v2\/users\/96"}],"replies":[{"embeddable":true,"href":"https:\/\/diarioregionaldigital.com.br\/index.php?rest_route=%2Fwp%2Fv2%2Fcomments&post=158195"}],"version-history":[{"count":0,"href":"https:\/\/diarioregionaldigital.com.br\/index.php?rest_route=\/wp\/v2\/posts\/158195\/revisions"}],"wp:featuredmedia":[{"embeddable":true,"href":"https:\/\/diarioregionaldigital.com.br\/index.php?rest_route=\/wp\/v2\/media\/158196"}],"wp:attachment":[{"href":"https:\/\/diarioregionaldigital.com.br\/index.php?rest_route=%2Fwp%2Fv2%2Fmedia&parent=158195"}],"wp:term":[{"taxonomy":"category","embeddable":true,"href":"https:\/\/diarioregionaldigital.com.br\/index.php?rest_route=%2Fwp%2Fv2%2Fcategories&post=158195"},{"taxonomy":"post_tag","embeddable":true,"href":"https:\/\/diarioregionaldigital.com.br\/index.php?rest_route=%2Fwp%2Fv2%2Ftags&post=158195"}],"curies":[{"name":"wp","href":"https:\/\/api.w.org\/{rel}","templated":true}]}}