{"id":158191,"date":"2020-04-09T14:58:34","date_gmt":"2020-04-09T17:58:34","guid":{"rendered":"https:\/\/diarioregionaldigital.com.br\/?p=158191"},"modified":"2020-04-09T14:58:34","modified_gmt":"2020-04-09T17:58:34","slug":"estado-inicia-desinfeccao-contra-a-covid-19","status":"publish","type":"post","link":"https:\/\/diarioregionaldigital.com.br\/?p=158191","title":{"rendered":"Estado inicia desinfec\u00e7\u00e3o contra a Covid-19"},"content":{"rendered":"<p>Uma das a\u00e7\u00f5es realizadas pelo\u00a0Governo de Minas\u00a0e demais parceiros na preven\u00e7\u00e3o e combate \u00e0 pandemia da\u00a0Covid-19 \u00e9 o\u00a0treinamento para a desinfec\u00e7\u00e3o de ambientes.\u00a0\u00a0Cerca de 80 profissionais de 14 munic\u00edpios da regi\u00e3o metropolitana e central do Estado participaram desta primeira fase da capacita\u00e7\u00e3o. Os agentes foram indicados pela Coordenadoria Estadual de\u00a0Defesa Civil\u00a0(Cedec) e levar\u00e3o os conhecimentos e t\u00e9cnicas para serem implementadas em seus munic\u00edpios.<\/p>\n<p>Nesta quinta-feira (9\/4), os agentes realizaram a \u00faltima etapa da capacita\u00e7\u00e3o com a pr\u00e1tica da descontamina\u00e7\u00e3o de uma esta\u00e7\u00e3o de \u00f4nibus do Move, em Belo Horizonte.<\/p>\n<p>O comandante-geral do\u00a0Corpo de Bombeiros, coronel Edgard Estevo, ressaltou a import\u00e2ncia de levar o conhecimento e conscientizar as pessoas para a preven\u00e7\u00e3o e combate ao coronav\u00edrus. A capacita\u00e7\u00e3o foi direcionada, principalmente, para locais de grandes aglomera\u00e7\u00f5es, como esta\u00e7\u00f5es de \u00f4nibus.<\/p>\n<p>\u201cO objetivo foi capacitar as defesas civis municipais, as guardas municipais, para que eles possam levar aos seus munic\u00edpios, dentro da sua realidade e seu cronograma, o trabalho de desinfec\u00e7\u00e3o das estruturas que eles tenham. Mas tamb\u00e9m estamos deixando um legado para a popula\u00e7\u00e3o, mostrando que podemos fazer de forma efetiva e com baixo custo a redu\u00e7\u00e3o de contamina\u00e7\u00e3o. Estamos dando o exemplo para a sociedade de que todo mundo pode ajudar neste momento t\u00e3o delicado em nosso pa\u00eds\u201d, afirmou o coronel Estevo. O comandante-geral explicou que foram utilizados produtos facilmente encontrados, como a \u00e1gua sanit\u00e1ria.<\/p>\n<p>O general Altair Jos\u00e9 Polsin, comandante da 4\u00aa Regi\u00e3o Militar, destacou a parceria com o Governo de Minas para a dissemina\u00e7\u00e3o do trabalho. \u201cN\u00f3s trouxemos uma equipe de especialistas em defesa qu\u00edmica, radiol\u00f3gica e nuclear do Rio de Janeiro para atuar juntamente com os especialistas do Corpo de Bombeiros de Minas Gerais para esta capacita\u00e7\u00e3o. Eles tiveram conhecimento sobre os riscos, os meios de descontamina\u00e7\u00e3o, os equipamentos de prote\u00e7\u00e3o individual e os processos para a descontamina\u00e7\u00e3o em locais p\u00fablicos. Quanto mais gente tiver conhecimento destes procedimentos melhor para a sociedade mineira\u201d, disse o general.<\/p>\n<p>Segundo o chefe do Gabinete Militar do Governador e coordenador estadual da Defesa Civil, coronel Rodrigo Rodrigues, a capacita\u00e7\u00e3o ser\u00e1 estendida para outras regi\u00f5es do estado.\u00a0\u201cFizemos uma integra\u00e7\u00e3o de esfor\u00e7os, pegando a expertise do Ex\u00e9rcito e do Corpo de Bombeiros de Minas. Vamos realizar mais capacita\u00e7\u00f5es deste tipo no interior do estado, multiplicando o conhecimento na luta contra a Covid-19. S\u00e3o a\u00e7\u00f5es mitigadoras para diminuir os danos deste inimigo invis\u00edvel\u201d, refor\u00e7ou.<\/p>\n<p><strong>Treinamento<\/strong><\/p>\n<p>A capacita\u00e7\u00e3o foi realizada entre os dias 7 e 9 de abril, na sede do 12\u00ba Batalh\u00e3o de Infantaria Leve de Montanha do Ex\u00e9rcito Brasileiro. O treinamento foi ministrado por militares que atuam na Se\u00e7\u00e3o de Defesa Qu\u00edmica, Biol\u00f3gica, Radiol\u00f3gica e Nuclear (DQBRN) da Escola de Instru\u00e7\u00e3o Especializada (ESIE) do Ex\u00e9rcito Brasileiro e bombeiros militares do Pelot\u00e3o de Emerg\u00eancias Qu\u00edmicas, Biol\u00f3gicas, Radiol\u00f3gicas e Nucleares (PQBRN).<\/p>\n<p>A instru\u00e7\u00e3o permite que os profissionais das Coordenadorias Municipais de Prote\u00e7\u00e3o e Defesa Civil (Compdecs) tenham uma vis\u00e3o geral sobre o risco de contamina\u00e7\u00e3o do coronav\u00edrus e a import\u00e2ncia do procedimento de desinfec\u00e7\u00e3o das \u00e1reas p\u00fablicas de grande circula\u00e7\u00e3o de pessoas para a preven\u00e7\u00e3o da dissemina\u00e7\u00e3o do v\u00edrus. Eles tamb\u00e9m foram orientados quanto \u00e0s solu\u00e7\u00f5es dispon\u00edveis para a sanitiza\u00e7\u00e3o, os riscos destes produtos e a forma adequada de utiliz\u00e1-los.<\/p>\n<p>Os Equipamentos de Prote\u00e7\u00e3o Individual (EPI\u2019s) tamb\u00e9m foram foco da capacita\u00e7\u00e3o, que mostrou a maneira correta da coloca\u00e7\u00e3o e retirada, bem como o descarte correto dos EPI\u2019s e res\u00edduos gerados na desinfec\u00e7\u00e3o.<br \/>\nOs profissionais ainda aprenderam sobre o risco oferecido pelo coronav\u00edrus, suas formas de transmiss\u00e3o e o tempo estimado de perman\u00eancia nas diferentes superf\u00edcies. Com isso, a expectativa \u00e9 que repassem as orienta\u00e7\u00f5es aos munic\u00edpios de origem para que o esfor\u00e7o se multiplique em todo o estado.<\/p>\n<p>&nbsp;<\/p>\n<p><strong>Fonte:\u00a0<\/strong>Ag\u00eancia Brasil<\/p>\n","protected":false},"excerpt":{"rendered":"<p>Uma das a\u00e7\u00f5es realizadas pelo\u00a0Governo de Minas\u00a0e demais parceiros na preven\u00e7\u00e3o e combate \u00e0 pandemia da\u00a0Covid-19 \u00e9 o\u00a0treinamento para a desinfec\u00e7\u00e3o de ambientes.\u00a0\u00a0Cerca de 80 profissionais de 14 munic\u00edpios da regi\u00e3o metropolitana e central do Estado participaram desta primeira fase da capacita\u00e7\u00e3o. Os agentes foram indicados pela Coordenadoria Estadual de\u00a0Defesa Civil\u00a0(Cedec) e levar\u00e3o os conhecimentos [&hellip;]<\/p>\n","protected":false},"author":96,"featured_media":158192,"comment_status":"closed","ping_status":"closed","sticky":false,"template":"","format":"standard","meta":{"footnotes":""},"categories":[436,252,439],"tags":[],"class_list":["post-158191","post","type-post","status-publish","format-standard","has-post-thumbnail","hentry","category-destaque-da-semana","category-regiao","category-ultima-hora"],"_links":{"self":[{"href":"https:\/\/diarioregionaldigital.com.br\/index.php?rest_route=\/wp\/v2\/posts\/158191","targetHints":{"allow":["GET"]}}],"collection":[{"href":"https:\/\/diarioregionaldigital.com.br\/index.php?rest_route=\/wp\/v2\/posts"}],"about":[{"href":"https:\/\/diarioregionaldigital.com.br\/index.php?rest_route=\/wp\/v2\/types\/post"}],"author":[{"embeddable":true,"href":"https:\/\/diarioregionaldigital.com.br\/index.php?rest_route=\/wp\/v2\/users\/96"}],"replies":[{"embeddable":true,"href":"https:\/\/diarioregionaldigital.com.br\/index.php?rest_route=%2Fwp%2Fv2%2Fcomments&post=158191"}],"version-history":[{"count":0,"href":"https:\/\/diarioregionaldigital.com.br\/index.php?rest_route=\/wp\/v2\/posts\/158191\/revisions"}],"wp:featuredmedia":[{"embeddable":true,"href":"https:\/\/diarioregionaldigital.com.br\/index.php?rest_route=\/wp\/v2\/media\/158192"}],"wp:attachment":[{"href":"https:\/\/diarioregionaldigital.com.br\/index.php?rest_route=%2Fwp%2Fv2%2Fmedia&parent=158191"}],"wp:term":[{"taxonomy":"category","embeddable":true,"href":"https:\/\/diarioregionaldigital.com.br\/index.php?rest_route=%2Fwp%2Fv2%2Fcategories&post=158191"},{"taxonomy":"post_tag","embeddable":true,"href":"https:\/\/diarioregionaldigital.com.br\/index.php?rest_route=%2Fwp%2Fv2%2Ftags&post=158191"}],"curies":[{"name":"wp","href":"https:\/\/api.w.org\/{rel}","templated":true}]}}