{"id":158189,"date":"2020-04-09T14:52:48","date_gmt":"2020-04-09T17:52:48","guid":{"rendered":"https:\/\/diarioregionaldigital.com.br\/?p=158189"},"modified":"2020-04-09T14:52:48","modified_gmt":"2020-04-09T17:52:48","slug":"segundo-caso-de-juiz-de-fora-identificado-com-coronavirus-esta-curado","status":"publish","type":"post","link":"https:\/\/diarioregionaldigital.com.br\/?p=158189","title":{"rendered":"Segundo caso de Juiz de Fora identificado com Coronav\u00edrus est\u00e1 curado"},"content":{"rendered":"<p><span style=\"font-weight: 400;\">Um dos primeiros casos identificados com Coronav\u00edrus, o m\u00e9dico psiquiatra H\u00e9lio F\u00e1del de Freitas Ara\u00fajo, 30 anos, foi diagnosticado com a doen\u00e7a no in\u00edcio do m\u00eas de mar\u00e7o, foi o segundo caso confirmado para ser mais exato, o primeiro foi um idoso de 70 anos.\u00a0<\/span><\/p>\n<p><span style=\"font-weight: 400;\">No entanto, Doutor H\u00e9lio seguiu toda orienta\u00e7\u00e3o m\u00e9dica e est\u00e1 curado da doen\u00e7a. Nos dias anteriores ao diagn\u00f3stico no exame, H\u00e9lio conta que no dia 7 de mar\u00e7o, fim de semana anterior ao surgimento dos sintomas, visitou um amigo e o pai do amigo, segundo ele o cont\u00e1gio pode ter surgido ali:<\/span><\/p>\n<p><span style=\"font-weight: 400;\">\u201c<\/span><span style=\"font-weight: 400;\">No fim de semana anterior aos dias em que comecei a apresentar os sinais, eu tive contato com eles (o amigo e o pai do amigo). Eu n\u00e3o havia viajado para fora do pa\u00eds, mas eles sim. Ent\u00e3o, muito provavelmente, essa foi a forma do meu cont\u00e1gio\u201d.<\/span><\/p>\n<p><span style=\"font-weight: 400;\">No mesmo per\u00edodo da visita, H\u00e9lio esteve em uma casa de shows em Juiz de Fora, mas segundo ele foi muito antes de saber que tinha testado positivo para Covid-19:<\/span><\/p>\n<p><span style=\"font-weight: 400;\">\u201cNeste fim de semana, do dia 7 de mar\u00e7o, eu estive em uma casa de shows, mas isso tudo foi antes de eu saber que estava positivo, antes sequer de apresentar sintomas, n\u00e3o tinha como eu saber\u201d.\u00a0<\/span><\/p>\n<p><span style=\"font-weight: 400;\">Na semana seguinte \u00e0 visita, H\u00e9lio relata que come\u00e7ou a apresentar sintomas mais brandos, mas que trabalhou do mesmo jeito naquele per\u00edodo. No entanto, em um determinado momento apresentou forte dor de cabe\u00e7a e tosse:<\/span><\/p>\n<p><span style=\"font-weight: 400;\">\u201cSenti que isso n\u00e3o era normal, a gente se conhece, j\u00e1 tive muita gripe, e sei que isso est\u00e1 estranho. Nisso, j\u00e1 entrei em contato com a minha fam\u00edlia, falei para as funcion\u00e1rias do local em que trabalho n\u00e3o irem no dia seguinte\u201d.\u00a0<\/span><\/p>\n<p><span style=\"font-weight: 400;\">Um outro fator surgiu no per\u00edodo em que realizou os exames, H\u00e9lio foi v\u00edtima de boatos sobre ter ido numa casa de shows no mesmo fim de semana em que realizou o exame e que naquele instante, ficou em quarentena:<\/span><\/p>\n<p><span style=\"font-weight: 400;\">\u201cAs pessoas come\u00e7aram a espalhar que ap\u00f3s eu ter recebido o resultado positivo, na sexta (13), eu estive em uma casa de shows e que eu estava infectando outras pessoas, e n\u00e3o foi isso o que o aconteceu. Pelo contr\u00e1rio, ap\u00f3s receber o resultado positivo, me isolei e n\u00e3o sa\u00ed mais de casa, medida que eu j\u00e1 estava adotando desde a quinta-feira (12)\u201d.<\/span><\/p>\n<p><span style=\"font-weight: 400;\">H\u00e9lio conta tamb\u00e9m que ap\u00f3s ter resultado positivo, ficou de quarentena durante um per\u00edodo de 21 dias e ao realizar tratamento, seguiu todo o acompanhamento m\u00e9dico e tamb\u00e9m da prescri\u00e7\u00e3o de medicamento:<\/span><\/p>\n<p><span style=\"font-weight: 400;\">\u201cFiz uso da hidroxicloroquina por cinco dias, a partir de orienta\u00e7\u00e3o m\u00e9dica. N\u00e3o sei dizer se a melhora foi por conta da medica\u00e7\u00e3o ou se era o processo natural de remiss\u00e3o da doen\u00e7a. O importante \u00e9 que as pessoas saibam que eu fui orientando, eu estava positivo, e, por isso, usei a medica\u00e7\u00e3o\u201d concluiu. <\/span><\/p>\n","protected":false},"excerpt":{"rendered":"<p>Um dos primeiros casos identificados com Coronav\u00edrus, o m\u00e9dico psiquiatra H\u00e9lio F\u00e1del de Freitas Ara\u00fajo, 30 anos, foi diagnosticado com a doen\u00e7a no in\u00edcio do m\u00eas de mar\u00e7o, foi o segundo caso confirmado para ser mais exato, o primeiro foi um idoso de 70 anos.\u00a0 No entanto, Doutor H\u00e9lio seguiu toda orienta\u00e7\u00e3o m\u00e9dica e est\u00e1 [&hellip;]<\/p>\n","protected":false},"author":96,"featured_media":157658,"comment_status":"closed","ping_status":"closed","sticky":false,"template":"","format":"standard","meta":{"footnotes":""},"categories":[253,436,440,439],"tags":[],"class_list":["post-158189","post","type-post","status-publish","format-standard","has-post-thumbnail","hentry","category-cidade","category-destaque-da-semana","category-destaques-do-dia","category-ultima-hora"],"_links":{"self":[{"href":"https:\/\/diarioregionaldigital.com.br\/index.php?rest_route=\/wp\/v2\/posts\/158189","targetHints":{"allow":["GET"]}}],"collection":[{"href":"https:\/\/diarioregionaldigital.com.br\/index.php?rest_route=\/wp\/v2\/posts"}],"about":[{"href":"https:\/\/diarioregionaldigital.com.br\/index.php?rest_route=\/wp\/v2\/types\/post"}],"author":[{"embeddable":true,"href":"https:\/\/diarioregionaldigital.com.br\/index.php?rest_route=\/wp\/v2\/users\/96"}],"replies":[{"embeddable":true,"href":"https:\/\/diarioregionaldigital.com.br\/index.php?rest_route=%2Fwp%2Fv2%2Fcomments&post=158189"}],"version-history":[{"count":0,"href":"https:\/\/diarioregionaldigital.com.br\/index.php?rest_route=\/wp\/v2\/posts\/158189\/revisions"}],"wp:featuredmedia":[{"embeddable":true,"href":"https:\/\/diarioregionaldigital.com.br\/index.php?rest_route=\/wp\/v2\/media\/157658"}],"wp:attachment":[{"href":"https:\/\/diarioregionaldigital.com.br\/index.php?rest_route=%2Fwp%2Fv2%2Fmedia&parent=158189"}],"wp:term":[{"taxonomy":"category","embeddable":true,"href":"https:\/\/diarioregionaldigital.com.br\/index.php?rest_route=%2Fwp%2Fv2%2Fcategories&post=158189"},{"taxonomy":"post_tag","embeddable":true,"href":"https:\/\/diarioregionaldigital.com.br\/index.php?rest_route=%2Fwp%2Fv2%2Ftags&post=158189"}],"curies":[{"name":"wp","href":"https:\/\/api.w.org\/{rel}","templated":true}]}}