{"id":158187,"date":"2020-04-09T14:29:36","date_gmt":"2020-04-09T17:29:36","guid":{"rendered":"https:\/\/diarioregionaldigital.com.br\/?p=158187"},"modified":"2020-04-09T14:29:36","modified_gmt":"2020-04-09T17:29:36","slug":"covid-19-640-casos-confirmados-em-minas-gerais","status":"publish","type":"post","link":"https:\/\/diarioregionaldigital.com.br\/?p=158187","title":{"rendered":"Covid-19: 640 casos confirmados em Minas Gerais"},"content":{"rendered":"<p>A Secretaria de Estado da Sa\u00fade de Minas Gerais (SES-MG), confirmou atrav\u00e9s de boletim epidemiol\u00f3gico desta quinta-feira (9), que o estado de Minas Gerais chega a 640 casos confirmados de Coronav\u00edrus. Ao todo s\u00e3o 56.807 casos suspeitos da doen\u00e7a, com 117 \u00f3bitos sob investiga\u00e7\u00e3o e 15 foram confirmados: Belo Horizonte (6), Juiz de Fora (1), Mariana (1), Montes Claros (1), Ouro Fino (1), Parais\u00f3polis (1), Pouso Alegre (1), Uberl\u00e2ndia (2) e Varginha (1).<\/p>\n<p><strong>Novos Casos<\/strong><\/p>\n<p>Conforme o boletim, os novos casos da doen\u00e7a foram confirmados em Borda da Mata, Carangola, Ipaba, Itanhandu, Jo\u00e3o Monlevade, M\u00e1rio Campos, Nanuque, Par\u00e1 de Minas,\u00a0 Santa Maria de Itabira.<\/p>\n<p>Os dados atualizados agora s\u00e3o: Alfenas (1),\u00a0Araguari (2),Arcos (2),Barbacena (1),<b>\u00a0Belo Horizonte (304)<\/b>,\u00a0Betim (6),\u00a0Boa Esperan\u00e7a (2),\u00a0Bom Despacho (1), <strong>Borda da Mata (1),\u00a0<\/strong>Botelhos (1),\u00a0<strong>Cambu\u00ed (5),<\/strong>Campo Belo (1)<b>,<\/b>\u00a0Campos Altos (1),\u00a0Capit\u00f3lio (1),<strong>Carangola (1),\u00a0<\/strong>Carmo da Cachoeira (1),\u00a0<strong>Carmo do Cajuru (2)<\/strong>,\u00a0Centralina (1),\u00a0Contagem (14),\u00a0Coronel Fabriciano (2),\u00a0Diniv\u00e9sia (1),\u00a0<strong>Divin\u00f3polis (19),<\/strong>\u00a0Esmeraldas (1),<strong>\u00a0Extrema (2), Formiga (1),\u00a0<\/strong>Frutal (1),\u00a0Governador Valadares (2), Guimar\u00e2nia (1),\u00a0<strong>Ipaba (1),\u00a0<\/strong><strong>Ipatinga (4)<\/strong>,\u00a0Itabira (1),\u00a0<strong>Itanhandu (1),\u00a0<\/strong>Itapeva (1),\u00a0Jana\u00faba (2), Jeceaba (1),\u00a0<strong>Jo\u00e3o Monevalade (1),\u00a0<\/strong><b>Juiz de Fora (50)<\/b>,\u00a0Lagoa da Prata (11),\u00a0Lavras (3),\u00a0Machado (1),\u00a0Manhua\u00e7u (1)<b>,\u00a0<\/b>Mariana (2),\u00a0<strong>M\u00e1rio Campos (1),\u00a0<\/strong>Matozinhos (1), Montes Claros (\u00f3bito confirmado), Muria\u00e9 (4),\u00a0Nanuque (2),\u00a0<strong>Nova Lima (38),<\/strong>\u00a0Ouro Fino (\u00f3bito confirmado), Par\u00e1 de Minas (1) Paracatu (1), Parais\u00f3polis (1),\u00a0Patos de Minas (5),\u00a0Patroc\u00ednio (6),\u00a0Piumhi (1),\u00a0<strong>Po\u00e7os de Caldas (3),\u00a0<\/strong>Pouso Alegre (8),Ribeir\u00e3o das Neves (2),\u00a0Sabar\u00e1 (5),\u00a0Santa Luzia (1), <strong>Santa Maria de Itabira (1),\u00a0<\/strong>Santana do Para\u00edso (1), Santo Ant\u00f4nio do Monte (2), S\u00e3o Jo\u00e3o Del Rei (3),\u00a0S\u00e3o Jo\u00e3o Nepomuceno (1),Sarzedo (1), Senador Amaral (1),Serra do Saltire (1),Sete Lagoas (3),\u00a0Tim\u00f3teo (5),\u00a0Toledo (1), Ub\u00e1 (1),\u00a0<strong>Uberaba (16),\u00a0Uberl\u00e2ndia (38),\u00a0<\/strong>Una\u00ed (1),\u00a0<strong>Varginha (5),<\/strong>\u00a0Vazante (2)\u00a0e outros munic\u00edpios em investiga\u00e7\u00e3o (18).<\/p>\n<div><\/div>\n<div class=\"the_champ_sharing_container the_champ_horizontal_sharing\"><\/div>\n<p>&nbsp;<\/p>\n","protected":false},"excerpt":{"rendered":"<p>A Secretaria de Estado da Sa\u00fade de Minas Gerais (SES-MG), confirmou atrav\u00e9s de boletim epidemiol\u00f3gico desta quinta-feira (9), que o estado de Minas Gerais chega a 640 casos confirmados de Coronav\u00edrus. Ao todo s\u00e3o 56.807 casos suspeitos da doen\u00e7a, com 117 \u00f3bitos sob investiga\u00e7\u00e3o e 15 foram confirmados: Belo Horizonte (6), Juiz de Fora (1), [&hellip;]<\/p>\n","protected":false},"author":96,"featured_media":157246,"comment_status":"closed","ping_status":"closed","sticky":false,"template":"","format":"standard","meta":{"footnotes":""},"categories":[436,440,252,439],"tags":[],"class_list":["post-158187","post","type-post","status-publish","format-standard","has-post-thumbnail","hentry","category-destaque-da-semana","category-destaques-do-dia","category-regiao","category-ultima-hora"],"_links":{"self":[{"href":"https:\/\/diarioregionaldigital.com.br\/index.php?rest_route=\/wp\/v2\/posts\/158187","targetHints":{"allow":["GET"]}}],"collection":[{"href":"https:\/\/diarioregionaldigital.com.br\/index.php?rest_route=\/wp\/v2\/posts"}],"about":[{"href":"https:\/\/diarioregionaldigital.com.br\/index.php?rest_route=\/wp\/v2\/types\/post"}],"author":[{"embeddable":true,"href":"https:\/\/diarioregionaldigital.com.br\/index.php?rest_route=\/wp\/v2\/users\/96"}],"replies":[{"embeddable":true,"href":"https:\/\/diarioregionaldigital.com.br\/index.php?rest_route=%2Fwp%2Fv2%2Fcomments&post=158187"}],"version-history":[{"count":0,"href":"https:\/\/diarioregionaldigital.com.br\/index.php?rest_route=\/wp\/v2\/posts\/158187\/revisions"}],"wp:featuredmedia":[{"embeddable":true,"href":"https:\/\/diarioregionaldigital.com.br\/index.php?rest_route=\/wp\/v2\/media\/157246"}],"wp:attachment":[{"href":"https:\/\/diarioregionaldigital.com.br\/index.php?rest_route=%2Fwp%2Fv2%2Fmedia&parent=158187"}],"wp:term":[{"taxonomy":"category","embeddable":true,"href":"https:\/\/diarioregionaldigital.com.br\/index.php?rest_route=%2Fwp%2Fv2%2Fcategories&post=158187"},{"taxonomy":"post_tag","embeddable":true,"href":"https:\/\/diarioregionaldigital.com.br\/index.php?rest_route=%2Fwp%2Fv2%2Ftags&post=158187"}],"curies":[{"name":"wp","href":"https:\/\/api.w.org\/{rel}","templated":true}]}}