{"id":158185,"date":"2020-04-09T14:06:07","date_gmt":"2020-04-09T17:06:07","guid":{"rendered":"https:\/\/diarioregionaldigital.com.br\/?p=158185"},"modified":"2020-04-09T14:06:07","modified_gmt":"2020-04-09T17:06:07","slug":"covid-19-universidades-formam-rede-para-acelerar-compra-de-insumos","status":"publish","type":"post","link":"https:\/\/diarioregionaldigital.com.br\/?p=158185","title":{"rendered":"Covid-19: universidades formam rede para acelerar compra de insumos"},"content":{"rendered":"<p>Em uma alian\u00e7a de enfrentamento \u00e0 covid-19, a Universidade de S\u00e3o Paulo (USP), a Universidade Estadual de Campinas (Unicamp) e a Universidade Estadual Paulista Julio de Mesquita Filho (Unesp) se articularam para lan\u00e7ar uma plataforma que deve agilizar a obten\u00e7\u00e3o de insumos necess\u00e1rios para a produ\u00e7\u00e3o de testes de diagn\u00f3stico.\u00a0Cerca de 20 laborat\u00f3rios das tr\u00eas institui\u00e7\u00f5es participar\u00e3o da iniciativa, que \u00e9 coordenada pelo diretor do Instituto Butantan, Dimas Covas.<\/p>\n<p>A plataforma foi oficializada na \u00faltima sexta-feira (2), com a ades\u00e3o de seis laborat\u00f3rios que j\u00e1 realizam testagem pelo Instituto Adolfo Lutz, al\u00e9m dele pr\u00f3prio. Na pr\u00f3xima etapa, os demais ir\u00e3o se juntar ao grupo, ap\u00f3s obter o credenciamento requisitado que os autoriza a emitir diagn\u00f3sticos da doen\u00e7a.<\/p>\n<p>Segundo Covas, que tamb\u00e9m \u00e9 membro do Centro de Contingenciamento do Coronav\u00edrus do Estado, n\u00facleo criado pelo governo estadual de S\u00e3o Paulo, a a\u00e7\u00e3o j\u00e1 tem dado resultado. Ele informou que a primeira remessa de kits encomendados da Coreia do Sul j\u00e1 deve chegar na pr\u00f3xima semana e que a compra de reagentes est\u00e1 em andamento.<\/p>\n<p>O fato de as compras de insumos laboratoriais dependerem de\u00a0importa\u00e7\u00e3o\u00a0\u00e9 apontado como um dos principais obst\u00e1culos por cientistas brasileiros que desenvolvem experimentos e kits de diagn\u00f3stico de covid-19. O aumento na demanda dos itens tamb\u00e9m tem atrapalhado o avan\u00e7o dos estudos.<\/p>\n<p><strong>Centraliza\u00e7\u00e3o de compras<\/strong><\/p>\n<p>O vice-diretor da Faculdade de Medicina da USP, Roger Chammas, explicou que uma das estrat\u00e9gias da plataforma \u00e9 garantir os produtos centralizando a aquisi\u00e7\u00e3o na Secretaria de Estado da Sa\u00fade de S\u00e3o Paulo. Com isso, diz ele, que tamb\u00e9m coordena a Rede USP para o Diagn\u00f3stico da Covid-19 (Rudic), o problema deve ser atenuado.<\/p>\n<p>Para contornar a dificuldade de aquisi\u00e7\u00e3o de reagentes, a equipe do projeto tamb\u00e9m tem buscado ampliar o leque de op\u00e7\u00f5es dispon\u00edveis. Especialistas da Unicamp que est\u00e3o no projeto t\u00eam trabalhado para avaliar os efeitos de diversas marcas de reagentes, com o objetivo de achar alternativas aos insumos que geralmente s\u00e3o utilizados.<\/p>\n<p>Depois de experiment\u00e1-los e comprovar que mant\u00eam o mesmo n\u00edvel de qualidade, os pesquisadores ir\u00e3o elaborar padr\u00f5es de protocolo, para que colegas possam aproveit\u00e1-los e evitar que suas atividades tamb\u00e9m parem por falta de insumo. O plano \u00e9 de disponibilizar os protocolos no site da for\u00e7a-tarefa criada pela\u00a0Unicamp\u00a0para o combate de covid-19.<\/p>\n<p><strong>Cobertura no interior do estado<\/strong><\/p>\n<p>Os pesquisadores t\u00eam procurado, ainda, aproveitar as vantagens com as quais j\u00e1 contam, como a capilaridade regional da Unesp, que possui 34 unidades, distribu\u00eddas em 24 munic\u00edpios.<\/p>\n<p>Al\u00e9m disso, a viv\u00eancia da universidade em a\u00e7\u00f5es de coopera\u00e7\u00e3o com o governo federal \u00e9 encarada pela equipe de pesquisadores como outro ponto positivo. Um exemplo \u00e9 o desenvolvimento de testes de HIV e hepatites C e B para o Minist\u00e9rio da Sa\u00fade, que, na opini\u00e3o da\u00a0professora Rejane Grotto, da Faculdade de Ci\u00eancias Agron\u00f4micas (FCA) da Unesp, poder\u00e1 servir como refer\u00eancia.<\/p>\n<p>A rede de laborat\u00f3rios da Unesp foi aprimorada com o projeto de pesquisa Rede de Diversidade Gen\u00e9tica de V\u00edrus, realizado de 2002 a 2007, e hoje disp\u00f5e de\u00a0laborat\u00f3rios com n\u00edvel de biosseguran\u00e7a 3 (Araraquara) e 2 (Botucatu e S\u00e3o Jos\u00e9 do Rio Preto).<\/p>\n<p>Ao serem melhorados, os laborat\u00f3rios se tornaram locais onde \u00e9 poss\u00edvel a realiza\u00e7\u00e3o de testes que manipulam material gen\u00e9tico de v\u00edrus para a identifica\u00e7\u00e3o da covid-19, como \u00e9 o caso do teste de diagn\u00f3stico PCR.<\/p>\n<p>Rejane destaca, por fim, que\u00a0haver\u00e1, na equipe, uma parcela de pesquisadores dedicada ao diagn\u00f3stico e outra \u00e0 pesquisa. De maneira integrada, far\u00e3o an\u00e1lises sobre aspectos epidemiol\u00f3gicos, intera\u00e7\u00e3o c\u00e9lula-pat\u00f3geno, desenvolvimento de novas tecnologias, desenvolvimento de ferramentas para\u00a0prever poss\u00edveis desfechos e sequelas que a covid-19 poder\u00e1 deixar em pacientes.<\/p>\n<p><strong>Incid\u00eancia no Brasil<\/strong><\/p>\n<p>De acordo com relat\u00f3rio divulgado nesta quarta-feira (8), pelo Minist\u00e9rio da Sa\u00fade, o\u00a0Brasil contabiliza 15.927 casos confirmados de covid-19. O total posiciona o pa\u00eds na 14\u00aa posi\u00e7\u00e3o mundial. A coloca\u00e7\u00e3o sobe para o 12\u00ba lugar quando se considera o n\u00famero de \u00f3bitos ocorridos em decorr\u00eancia da infec\u00e7\u00e3o, que \u00e9 de 800. Atualmente, portanto, a taxa de letalidade \u00e9 de 5%. O estado de S\u00e3o Paulo segue como a unidade federativa que responde pela maior quantidade de casos, com 6.708 registros, seguida pelo Rio de Janeiro e Cear\u00e1, respectivamente com 1.938 e 1.291.<\/p>\n<p>Confira a lista de laborat\u00f3rios que far\u00e3o parte do projeto:<\/p>\n<p><strong>USP<\/strong><\/p>\n<p>Hospital das Cl\u00ednicas da Faculdade de Medicina<\/p>\n<p>Hospital das C\u00ednicas\u00a0da Faculdade de Medicina de Ribeir\u00e3o Preto<\/p>\n<p>Funda\u00e7\u00e3o Hemocentro da Faculdade de Medicina de Ribeir\u00e3o Preto<\/p>\n<p>Hospital Universit\u00e1rio, sediado na capital paulista, na Faculdade de Odontologia de Bauru e na Faculdade de Zootecnia e Engenharia de Alimentos (FEZEA), em Pirassununga<\/p>\n<p><strong>Unicamp<\/strong><\/p>\n<p>Laborat\u00f3rio de Patologia Cl\u00ednica do Hospital de Cl\u00ednicas<\/p>\n<p><strong>Unesp<\/strong><\/p>\n<p>Hemocentro do Hospital das Cl\u00ednicas da Faculdade de Medicina de Botucatu<\/p>\n<p>Laborat\u00f3rios de Imunologia Cl\u00ednica e Biologia Molecular, do Departamento de An\u00e1lises Cl\u00ednicas da Faculdade de Ci\u00eancias Farmac\u00eauticas (FCFAr), em Araraquara<\/p>\n<p>Laborat\u00f3rio de Estudos Gen\u00f4micos, do Departamento de Biologia do Instituto de Bioci\u00eancias, Letras e Ci\u00eancias Exatas (Ibilce), em S\u00e3o Jos\u00e9 do Rio Preto<\/p>\n<p>&nbsp;<\/p>\n<p><strong>Fonte:\u00a0<\/strong>Ag\u00eancia Brasil<\/p>\n","protected":false},"excerpt":{"rendered":"<p>Em uma alian\u00e7a de enfrentamento \u00e0 covid-19, a Universidade de S\u00e3o Paulo (USP), a Universidade Estadual de Campinas (Unicamp) e a Universidade Estadual Paulista Julio de Mesquita Filho (Unesp) se articularam para lan\u00e7ar uma plataforma que deve agilizar a obten\u00e7\u00e3o de insumos necess\u00e1rios para a produ\u00e7\u00e3o de testes de diagn\u00f3stico.\u00a0Cerca de 20 laborat\u00f3rios das tr\u00eas [&hellip;]<\/p>\n","protected":false},"author":96,"featured_media":157926,"comment_status":"closed","ping_status":"closed","sticky":false,"template":"","format":"standard","meta":{"footnotes":""},"categories":[302,436,439],"tags":[],"class_list":["post-158185","post","type-post","status-publish","format-standard","has-post-thumbnail","hentry","category-brasil-mundo","category-destaque-da-semana","category-ultima-hora"],"_links":{"self":[{"href":"https:\/\/diarioregionaldigital.com.br\/index.php?rest_route=\/wp\/v2\/posts\/158185","targetHints":{"allow":["GET"]}}],"collection":[{"href":"https:\/\/diarioregionaldigital.com.br\/index.php?rest_route=\/wp\/v2\/posts"}],"about":[{"href":"https:\/\/diarioregionaldigital.com.br\/index.php?rest_route=\/wp\/v2\/types\/post"}],"author":[{"embeddable":true,"href":"https:\/\/diarioregionaldigital.com.br\/index.php?rest_route=\/wp\/v2\/users\/96"}],"replies":[{"embeddable":true,"href":"https:\/\/diarioregionaldigital.com.br\/index.php?rest_route=%2Fwp%2Fv2%2Fcomments&post=158185"}],"version-history":[{"count":0,"href":"https:\/\/diarioregionaldigital.com.br\/index.php?rest_route=\/wp\/v2\/posts\/158185\/revisions"}],"wp:featuredmedia":[{"embeddable":true,"href":"https:\/\/diarioregionaldigital.com.br\/index.php?rest_route=\/wp\/v2\/media\/157926"}],"wp:attachment":[{"href":"https:\/\/diarioregionaldigital.com.br\/index.php?rest_route=%2Fwp%2Fv2%2Fmedia&parent=158185"}],"wp:term":[{"taxonomy":"category","embeddable":true,"href":"https:\/\/diarioregionaldigital.com.br\/index.php?rest_route=%2Fwp%2Fv2%2Fcategories&post=158185"},{"taxonomy":"post_tag","embeddable":true,"href":"https:\/\/diarioregionaldigital.com.br\/index.php?rest_route=%2Fwp%2Fv2%2Ftags&post=158185"}],"curies":[{"name":"wp","href":"https:\/\/api.w.org\/{rel}","templated":true}]}}