{"id":158182,"date":"2020-04-09T14:02:18","date_gmt":"2020-04-09T17:02:18","guid":{"rendered":"https:\/\/diarioregionaldigital.com.br\/?p=158182"},"modified":"2020-04-09T14:02:18","modified_gmt":"2020-04-09T17:02:18","slug":"distancia-de-15-metro-e-pequena-para-conter-contagio-alerta-estudo","status":"publish","type":"post","link":"https:\/\/diarioregionaldigital.com.br\/?p=158182","title":{"rendered":"Dist\u00e2ncia de 1,5 metro \u00e9 pequena para conter cont\u00e1gio, alerta estudo"},"content":{"rendered":"<p>Um estudo divulgado hoje (9) alerta que a dist\u00e2ncia social de 1,5 metro,\u00a0recomendada pelas autoridades de sa\u00fade, \u00e9 insuficiente para impedir o cont\u00e1gio por covid-19 e que essa dist\u00e2ncia deve ser de pelo menos quatro\u00a0metros.<\/p>\n<p>Os valores sugeridos\u00a0no estudo, feito por pesquisadores e engenheiros especializados em din\u00e2mica de fluidos, das universidades de Leuven, na B\u00e9lgica, e Eindhoven, na Holanda, baseiam-se em simula\u00e7\u00f5es de como as part\u00edculas de saliva se soltam quando as pessoas est\u00e3o paradas, caminhando, correrendo\u00a0ou andando\u00a0de bicicleta.<\/p>\n<p>&#8220;Se algu\u00e9m transpira, tosse ou espirra enquanto caminha, corre ou anda de bicicleta, a maioria das micropart\u00edculas permanece numa corrente de ar atr\u00e1s dessa pessoa, o que faz com que outra\u00a0que venha atr\u00e1s se mova em meio a\u00a0essa nuvem de micropart\u00edculas&#8221;, explica Bert Blocken, professor de engenharia civil nas duas universidades.<\/p>\n<p>O estudo constatou que a dist\u00e2ncia recomendada de 1,5 metro\u00a0\u00e9 &#8220;muito eficaz&#8221; para aqueles que ficam em ambientes fechados ou ao ar livre com bom tempo, mas que \u00e9 insuficiente para situa\u00e7\u00f5es em que as pessoas caminham ou praticam esporte.<\/p>\n<p>Segundo os autores do estudo, o risco \u00e9 maior quando uma pessoa est\u00e1 atr\u00e1s da outra e \u00e9 reduzido se estiver andando ou correndo\u00a0lado a lado ou em forma\u00e7\u00e3o diagonal.<\/p>\n<p>Ainda assim, os especialistas aconselham que, diante\u00a0dos c\u00e1lculos realizados, seja mantida uma dist\u00e2ncia de 4 ou 5 metros ao andar atr\u00e1s de outra pessoa, 10 metros ao correr ou andar de bicicleta devagar e de pelo menos 20 metros ao andar r\u00e1pido.<\/p>\n<p>O novo coronav\u00edrus, respons\u00e1vel pela pandemia de\u00a0covid-19, j\u00e1 infectou mais de 1,5 milh\u00e3o\u00a0de pessoas em todo o mundo, das quais morreram quase 89 mil.<\/p>\n<p>Depois de surgir na China, em dezembro, o surto espalhou-se por todo o mundo, o que levou a Organiza\u00e7\u00e3o Mundial da Sa\u00fade (OMS) a declarar situa\u00e7\u00e3o de pandemia.<\/p>\n<p>&nbsp;<\/p>\n<p><strong>Fonte:\u00a0<\/strong>Ag\u00eancia Brasil<\/p>\n","protected":false},"excerpt":{"rendered":"<p>Um estudo divulgado hoje (9) alerta que a dist\u00e2ncia social de 1,5 metro,\u00a0recomendada pelas autoridades de sa\u00fade, \u00e9 insuficiente para impedir o cont\u00e1gio por covid-19 e que essa dist\u00e2ncia deve ser de pelo menos quatro\u00a0metros. Os valores sugeridos\u00a0no estudo, feito por pesquisadores e engenheiros especializados em din\u00e2mica de fluidos, das universidades de Leuven, na B\u00e9lgica, [&hellip;]<\/p>\n","protected":false},"author":96,"featured_media":158183,"comment_status":"closed","ping_status":"closed","sticky":false,"template":"","format":"standard","meta":{"footnotes":""},"categories":[302,436,440,439],"tags":[],"class_list":["post-158182","post","type-post","status-publish","format-standard","has-post-thumbnail","hentry","category-brasil-mundo","category-destaque-da-semana","category-destaques-do-dia","category-ultima-hora"],"_links":{"self":[{"href":"https:\/\/diarioregionaldigital.com.br\/index.php?rest_route=\/wp\/v2\/posts\/158182","targetHints":{"allow":["GET"]}}],"collection":[{"href":"https:\/\/diarioregionaldigital.com.br\/index.php?rest_route=\/wp\/v2\/posts"}],"about":[{"href":"https:\/\/diarioregionaldigital.com.br\/index.php?rest_route=\/wp\/v2\/types\/post"}],"author":[{"embeddable":true,"href":"https:\/\/diarioregionaldigital.com.br\/index.php?rest_route=\/wp\/v2\/users\/96"}],"replies":[{"embeddable":true,"href":"https:\/\/diarioregionaldigital.com.br\/index.php?rest_route=%2Fwp%2Fv2%2Fcomments&post=158182"}],"version-history":[{"count":0,"href":"https:\/\/diarioregionaldigital.com.br\/index.php?rest_route=\/wp\/v2\/posts\/158182\/revisions"}],"wp:featuredmedia":[{"embeddable":true,"href":"https:\/\/diarioregionaldigital.com.br\/index.php?rest_route=\/wp\/v2\/media\/158183"}],"wp:attachment":[{"href":"https:\/\/diarioregionaldigital.com.br\/index.php?rest_route=%2Fwp%2Fv2%2Fmedia&parent=158182"}],"wp:term":[{"taxonomy":"category","embeddable":true,"href":"https:\/\/diarioregionaldigital.com.br\/index.php?rest_route=%2Fwp%2Fv2%2Fcategories&post=158182"},{"taxonomy":"post_tag","embeddable":true,"href":"https:\/\/diarioregionaldigital.com.br\/index.php?rest_route=%2Fwp%2Fv2%2Ftags&post=158182"}],"curies":[{"name":"wp","href":"https:\/\/api.w.org\/{rel}","templated":true}]}}