{"id":158169,"date":"2020-04-09T06:00:38","date_gmt":"2020-04-09T09:00:38","guid":{"rendered":"https:\/\/diarioregionaldigital.com.br\/?p=158169"},"modified":"2020-04-08T23:57:52","modified_gmt":"2020-04-09T02:57:52","slug":"aposta-pop","status":"publish","type":"post","link":"https:\/\/diarioregionaldigital.com.br\/?p=158169","title":{"rendered":"Aposta Pop"},"content":{"rendered":"<p style=\"text-align: center;\"><strong>Papo Reto<\/strong><\/p>\n<p style=\"text-align: center;\">\u00c9 a hora de exercer a solidariedade. Vamos buscar os agentes que podem trazer conforto, quebra \u00e0 solid\u00e3o. Adote um idoso. Voc\u00ea sabe quem mora na sua vizinhan\u00e7a e tem pouco apoio, aus\u00eancia de familiares? Procure fazer com que ele n\u00e3o se sinta sozinho.<\/p>\n<p style=\"text-align: center;\"><strong>Aposta Pop<\/strong><\/p>\n<p style=\"text-align: center;\">Promessa da musica nacional, a cantora ga\u00facha e carioca de cora\u00e7\u00e3o, Ella, de 22 anos, se acha um verdadeiro \u201cE.T\u201d. Ela chega chegando nos lugares da moda no Rio com uma queda por look \u2018ex\u00f3ticos\u201d e super \u201cdebochados\u201d. Arrasa literalmente o peda\u00e7o.<\/p>\n<p style=\"text-align: center;\"><strong>Elei\u00e7\u00f5es<\/strong><\/p>\n<p style=\"text-align: center;\">O novo Coronavirus a crise econ\u00f4mica e a poss\u00edvel recess\u00e3o decorrentes da crise sanit\u00e1ria v\u00e3o atingir em cheio as elei\u00e7\u00f5es municipais marcadas para o pr\u00f3ximo m\u00eas de outubro. O drama vivido por todo o pa\u00eds com a expans\u00e3o do v\u00edrus deve for\u00e7ar uma nacionaliza\u00e7\u00e3o do debate pol\u00edtico, na avalia\u00e7\u00e3o dos especialistas. Eles preveem tamb\u00e9m mudan\u00e7as na forma de buscar o voto, bem como a estrat\u00e9gia para conquistar o eleitor.<\/p>\n<p style=\"text-align: center;\"><strong>Sol e Mar<\/strong><\/p>\n<p style=\"text-align: center;\">Para o pr\u00f3xima ver\u00e3o a marca cearense \u00c1gua de Coco uniu for\u00e7as com a Coca-Cola para criar uma cole\u00e7\u00e3o de moda praia com 14 pe\u00e7as. S\u00e3o looks masculinos e femininos para estampas chocantes no colorido e no preto e branco.<\/p>\n<p style=\"text-align: center;\"><span style=\"font-size: 14pt;\"><strong>Para Refletir<\/strong><\/span><\/p>\n<p style=\"text-align: center;\">Empreender \u00e9 uma op\u00e7\u00e3o quando se tem suporte, reservas e uma boa rede de contatos para quem est\u00e1 disposto a recome\u00e7ar do zero. Com a informalidade e o trabalho aut\u00f4nomo, usar no tempo de crise a criatividade como op\u00e7\u00e3o, \u00e9 a solu\u00e7\u00e3o.<\/p>\n<div id=\"attachment_158160\" style=\"width: 690px\" class=\"wp-caption aligncenter\"><img loading=\"lazy\" decoding=\"async\" aria-describedby=\"caption-attachment-158160\" class=\"wp-image-158160\" src=\"https:\/\/diarioregionaldigital.com.br\/wp-content\/uploads\/2020\/04\/fotoa-5-e1586400299976.jpg\" alt=\"\" width=\"680\" height=\"523\" srcset=\"https:\/\/diarioregionaldigital.com.br\/wp-content\/uploads\/2020\/04\/fotoa-5-e1586400299976.jpg 1600w, https:\/\/diarioregionaldigital.com.br\/wp-content\/uploads\/2020\/04\/fotoa-5-e1586400299976-300x231.jpg 300w, https:\/\/diarioregionaldigital.com.br\/wp-content\/uploads\/2020\/04\/fotoa-5-e1586400299976-768x591.jpg 768w, https:\/\/diarioregionaldigital.com.br\/wp-content\/uploads\/2020\/04\/fotoa-5-e1586400299976-1024x788.jpg 1024w, https:\/\/diarioregionaldigital.com.br\/wp-content\/uploads\/2020\/04\/fotoa-5-e1586400299976-360x277.jpg 360w\" sizes=\"auto, (max-width: 680px) 100vw, 680px\" \/><p id=\"caption-attachment-158160\" class=\"wp-caption-text\">O modelo Max Ant\u00f4nio solid\u00e1rio com todas as ra\u00e7as humanas da terra<\/p><\/div>\n<div id=\"attachment_158161\" style=\"width: 690px\" class=\"wp-caption aligncenter\"><img loading=\"lazy\" decoding=\"async\" aria-describedby=\"caption-attachment-158161\" class=\"wp-image-158161\" src=\"https:\/\/diarioregionaldigital.com.br\/wp-content\/uploads\/2020\/04\/fotob-5-e1586400331574.jpg\" alt=\"\" width=\"680\" height=\"519\" srcset=\"https:\/\/diarioregionaldigital.com.br\/wp-content\/uploads\/2020\/04\/fotob-5-e1586400331574.jpg 1639w, https:\/\/diarioregionaldigital.com.br\/wp-content\/uploads\/2020\/04\/fotob-5-e1586400331574-300x229.jpg 300w, https:\/\/diarioregionaldigital.com.br\/wp-content\/uploads\/2020\/04\/fotob-5-e1586400331574-768x586.jpg 768w, https:\/\/diarioregionaldigital.com.br\/wp-content\/uploads\/2020\/04\/fotob-5-e1586400331574-1024x782.jpg 1024w, https:\/\/diarioregionaldigital.com.br\/wp-content\/uploads\/2020\/04\/fotob-5-e1586400331574-360x275.jpg 360w\" sizes=\"auto, (max-width: 680px) 100vw, 680px\" \/><p id=\"caption-attachment-158161\" class=\"wp-caption-text\">O jeito simples de ser de Mayara Caniato Colen, fazendo estilo branco total<\/p><\/div>\n<div id=\"attachment_158162\" style=\"width: 690px\" class=\"wp-caption aligncenter\"><img loading=\"lazy\" decoding=\"async\" aria-describedby=\"caption-attachment-158162\" class=\"wp-image-158162\" src=\"https:\/\/diarioregionaldigital.com.br\/wp-content\/uploads\/2020\/04\/fotoc-5-e1586400383806.jpg\" alt=\"\" width=\"680\" height=\"507\" srcset=\"https:\/\/diarioregionaldigital.com.br\/wp-content\/uploads\/2020\/04\/fotoc-5-e1586400383806.jpg 1596w, https:\/\/diarioregionaldigital.com.br\/wp-content\/uploads\/2020\/04\/fotoc-5-e1586400383806-300x223.jpg 300w, https:\/\/diarioregionaldigital.com.br\/wp-content\/uploads\/2020\/04\/fotoc-5-e1586400383806-768x572.jpg 768w, https:\/\/diarioregionaldigital.com.br\/wp-content\/uploads\/2020\/04\/fotoc-5-e1586400383806-1024x763.jpg 1024w, https:\/\/diarioregionaldigital.com.br\/wp-content\/uploads\/2020\/04\/fotoc-5-e1586400383806-360x268.jpg 360w\" sizes=\"auto, (max-width: 680px) 100vw, 680px\" \/><p id=\"caption-attachment-158162\" class=\"wp-caption-text\">Gustavo Magalh\u00e3es fez pit-stop em Juno Beach Pier (USA) para tour de f\u00e9rias<\/p><\/div>\n<div id=\"attachment_158163\" style=\"width: 690px\" class=\"wp-caption aligncenter\"><img loading=\"lazy\" decoding=\"async\" aria-describedby=\"caption-attachment-158163\" class=\"wp-image-158163\" src=\"https:\/\/diarioregionaldigital.com.br\/wp-content\/uploads\/2020\/04\/fotod-5-e1586400415573.jpg\" alt=\"\" width=\"680\" height=\"502\" srcset=\"https:\/\/diarioregionaldigital.com.br\/wp-content\/uploads\/2020\/04\/fotod-5-e1586400415573.jpg 1699w, https:\/\/diarioregionaldigital.com.br\/wp-content\/uploads\/2020\/04\/fotod-5-e1586400415573-300x221.jpg 300w, https:\/\/diarioregionaldigital.com.br\/wp-content\/uploads\/2020\/04\/fotod-5-e1586400415573-768x567.jpg 768w, https:\/\/diarioregionaldigital.com.br\/wp-content\/uploads\/2020\/04\/fotod-5-e1586400415573-1024x756.jpg 1024w, https:\/\/diarioregionaldigital.com.br\/wp-content\/uploads\/2020\/04\/fotod-5-e1586400415573-360x266.jpg 360w\" sizes=\"auto, (max-width: 680px) 100vw, 680px\" \/><p id=\"caption-attachment-158163\" class=\"wp-caption-text\">M\u00e1rcia Figueiredo Mendes em ritmo praiano<\/p><\/div>\n<div id=\"attachment_158164\" style=\"width: 690px\" class=\"wp-caption aligncenter\"><img loading=\"lazy\" decoding=\"async\" aria-describedby=\"caption-attachment-158164\" class=\"wp-image-158164\" src=\"https:\/\/diarioregionaldigital.com.br\/wp-content\/uploads\/2020\/04\/fotoe-5-e1586400454544.jpg\" alt=\"\" width=\"680\" height=\"516\" srcset=\"https:\/\/diarioregionaldigital.com.br\/wp-content\/uploads\/2020\/04\/fotoe-5-e1586400454544.jpg 1648w, https:\/\/diarioregionaldigital.com.br\/wp-content\/uploads\/2020\/04\/fotoe-5-e1586400454544-300x228.jpg 300w, https:\/\/diarioregionaldigital.com.br\/wp-content\/uploads\/2020\/04\/fotoe-5-e1586400454544-768x583.jpg 768w, https:\/\/diarioregionaldigital.com.br\/wp-content\/uploads\/2020\/04\/fotoe-5-e1586400454544-1024x777.jpg 1024w, https:\/\/diarioregionaldigital.com.br\/wp-content\/uploads\/2020\/04\/fotoe-5-e1586400454544-360x273.jpg 360w\" sizes=\"auto, (max-width: 680px) 100vw, 680px\" \/><p id=\"caption-attachment-158164\" class=\"wp-caption-text\">Mulheres solid\u00e1rias da Ascomcer, Cristina Ferrugini e Alessandra Sampaio<\/p><\/div>\n<div id=\"attachment_158165\" style=\"width: 690px\" class=\"wp-caption aligncenter\"><img loading=\"lazy\" decoding=\"async\" aria-describedby=\"caption-attachment-158165\" class=\"wp-image-158165\" src=\"https:\/\/diarioregionaldigital.com.br\/wp-content\/uploads\/2020\/04\/fotoff-e1586400491515.jpg\" alt=\"\" width=\"680\" height=\"505\" srcset=\"https:\/\/diarioregionaldigital.com.br\/wp-content\/uploads\/2020\/04\/fotoff-e1586400491515.jpg 1768w, https:\/\/diarioregionaldigital.com.br\/wp-content\/uploads\/2020\/04\/fotoff-e1586400491515-300x223.jpg 300w, https:\/\/diarioregionaldigital.com.br\/wp-content\/uploads\/2020\/04\/fotoff-e1586400491515-768x570.jpg 768w, https:\/\/diarioregionaldigital.com.br\/wp-content\/uploads\/2020\/04\/fotoff-e1586400491515-1024x760.jpg 1024w, https:\/\/diarioregionaldigital.com.br\/wp-content\/uploads\/2020\/04\/fotoff-e1586400491515-360x267.jpg 360w\" sizes=\"auto, (max-width: 680px) 100vw, 680px\" \/><p id=\"caption-attachment-158165\" class=\"wp-caption-text\">Trazendo alegria e alto astral, os queridos Diogo Souza Gomes e Raquel Jannotti com os filhos Nina e Hugo<\/p><\/div>\n<div id=\"attachment_158166\" style=\"width: 690px\" class=\"wp-caption aligncenter\"><img loading=\"lazy\" decoding=\"async\" aria-describedby=\"caption-attachment-158166\" class=\"wp-image-158166\" src=\"https:\/\/diarioregionaldigital.com.br\/wp-content\/uploads\/2020\/04\/fotog-5-e1586400532170.jpg\" alt=\"\" width=\"680\" height=\"526\" srcset=\"https:\/\/diarioregionaldigital.com.br\/wp-content\/uploads\/2020\/04\/fotog-5-e1586400532170.jpg 1711w, https:\/\/diarioregionaldigital.com.br\/wp-content\/uploads\/2020\/04\/fotog-5-e1586400532170-300x232.jpg 300w, https:\/\/diarioregionaldigital.com.br\/wp-content\/uploads\/2020\/04\/fotog-5-e1586400532170-768x594.jpg 768w, https:\/\/diarioregionaldigital.com.br\/wp-content\/uploads\/2020\/04\/fotog-5-e1586400532170-1024x792.jpg 1024w, https:\/\/diarioregionaldigital.com.br\/wp-content\/uploads\/2020\/04\/fotog-5-e1586400532170-360x278.jpg 360w\" sizes=\"auto, (max-width: 680px) 100vw, 680px\" \/><p id=\"caption-attachment-158166\" class=\"wp-caption-text\">Despedindo do ver\u00e3o, Richard Ara\u00fajo<\/p><\/div>\n<div id=\"attachment_158168\" style=\"width: 690px\" class=\"wp-caption aligncenter\"><img loading=\"lazy\" decoding=\"async\" aria-describedby=\"caption-attachment-158168\" class=\"wp-image-158168\" src=\"https:\/\/diarioregionaldigital.com.br\/wp-content\/uploads\/2020\/04\/fotoi-5-e1586400591274.jpg\" alt=\"\" width=\"680\" height=\"484\" srcset=\"https:\/\/diarioregionaldigital.com.br\/wp-content\/uploads\/2020\/04\/fotoi-5-e1586400591274.jpg 1771w, https:\/\/diarioregionaldigital.com.br\/wp-content\/uploads\/2020\/04\/fotoi-5-e1586400591274-300x213.jpg 300w, https:\/\/diarioregionaldigital.com.br\/wp-content\/uploads\/2020\/04\/fotoi-5-e1586400591274-768x546.jpg 768w, https:\/\/diarioregionaldigital.com.br\/wp-content\/uploads\/2020\/04\/fotoi-5-e1586400591274-1024x729.jpg 1024w, https:\/\/diarioregionaldigital.com.br\/wp-content\/uploads\/2020\/04\/fotoi-5-e1586400591274-360x256.jpg 360w, https:\/\/diarioregionaldigital.com.br\/wp-content\/uploads\/2020\/04\/fotoi-5-e1586400591274-100x70.jpg 100w\" sizes=\"auto, (max-width: 680px) 100vw, 680px\" \/><p id=\"caption-attachment-158168\" class=\"wp-caption-text\">No Carnaval que passou no Samb\u00f3dromo (RJ), o bonit\u00e3o Wesley Lorenzetto<\/p><\/div>\n<div id=\"attachment_158167\" style=\"width: 690px\" class=\"wp-caption aligncenter\"><img loading=\"lazy\" decoding=\"async\" aria-describedby=\"caption-attachment-158167\" class=\"wp-image-158167\" src=\"https:\/\/diarioregionaldigital.com.br\/wp-content\/uploads\/2020\/04\/fotoh-5.jpg\" alt=\"\" width=\"680\" height=\"444\" srcset=\"https:\/\/diarioregionaldigital.com.br\/wp-content\/uploads\/2020\/04\/fotoh-5.jpg 2609w, https:\/\/diarioregionaldigital.com.br\/wp-content\/uploads\/2020\/04\/fotoh-5-300x196.jpg 300w, https:\/\/diarioregionaldigital.com.br\/wp-content\/uploads\/2020\/04\/fotoh-5-768x502.jpg 768w, https:\/\/diarioregionaldigital.com.br\/wp-content\/uploads\/2020\/04\/fotoh-5-1024x669.jpg 1024w, https:\/\/diarioregionaldigital.com.br\/wp-content\/uploads\/2020\/04\/fotoh-5-360x235.jpg 360w\" sizes=\"auto, (max-width: 680px) 100vw, 680px\" \/><p id=\"caption-attachment-158167\" class=\"wp-caption-text\">Jovens que fazem a diferen\u00e7a: Cl\u00e1udio Noronha, Mariana Noronha e Luria Resende<\/p><\/div>\n<p style=\"text-align: center;\"><img loading=\"lazy\" decoding=\"async\" class=\"aligncenter size-full wp-image-158170\" src=\"https:\/\/diarioregionaldigital.com.br\/wp-content\/uploads\/2020\/04\/anuncio66.jpg\" alt=\"\" width=\"3516\" height=\"1404\" srcset=\"https:\/\/diarioregionaldigital.com.br\/wp-content\/uploads\/2020\/04\/anuncio66.jpg 3516w, https:\/\/diarioregionaldigital.com.br\/wp-content\/uploads\/2020\/04\/anuncio66-300x120.jpg 300w, https:\/\/diarioregionaldigital.com.br\/wp-content\/uploads\/2020\/04\/anuncio66-768x307.jpg 768w, https:\/\/diarioregionaldigital.com.br\/wp-content\/uploads\/2020\/04\/anuncio66-1024x409.jpg 1024w, https:\/\/diarioregionaldigital.com.br\/wp-content\/uploads\/2020\/04\/anuncio66-360x144.jpg 360w\" sizes=\"auto, (max-width: 3516px) 100vw, 3516px\" \/><\/p>\n","protected":false},"excerpt":{"rendered":"<p>Papo Reto \u00c9 a hora de exercer a solidariedade. Vamos buscar os agentes que podem trazer conforto, quebra \u00e0 solid\u00e3o. Adote um idoso. Voc\u00ea sabe quem mora na sua vizinhan\u00e7a e tem pouco apoio, aus\u00eancia de familiares? Procure fazer com que ele n\u00e3o se sinta sozinho. Aposta Pop Promessa da musica nacional, a cantora ga\u00facha [&hellip;]<\/p>\n","protected":false},"author":96,"featured_media":158160,"comment_status":"closed","ping_status":"closed","sticky":false,"template":"","format":"standard","meta":{"footnotes":""},"categories":[264],"tags":[],"class_list":["post-158169","post","type-post","status-publish","format-standard","has-post-thumbnail","hentry","category-eduardo-gomes"],"_links":{"self":[{"href":"https:\/\/diarioregionaldigital.com.br\/index.php?rest_route=\/wp\/v2\/posts\/158169","targetHints":{"allow":["GET"]}}],"collection":[{"href":"https:\/\/diarioregionaldigital.com.br\/index.php?rest_route=\/wp\/v2\/posts"}],"about":[{"href":"https:\/\/diarioregionaldigital.com.br\/index.php?rest_route=\/wp\/v2\/types\/post"}],"author":[{"embeddable":true,"href":"https:\/\/diarioregionaldigital.com.br\/index.php?rest_route=\/wp\/v2\/users\/96"}],"replies":[{"embeddable":true,"href":"https:\/\/diarioregionaldigital.com.br\/index.php?rest_route=%2Fwp%2Fv2%2Fcomments&post=158169"}],"version-history":[{"count":0,"href":"https:\/\/diarioregionaldigital.com.br\/index.php?rest_route=\/wp\/v2\/posts\/158169\/revisions"}],"wp:featuredmedia":[{"embeddable":true,"href":"https:\/\/diarioregionaldigital.com.br\/index.php?rest_route=\/wp\/v2\/media\/158160"}],"wp:attachment":[{"href":"https:\/\/diarioregionaldigital.com.br\/index.php?rest_route=%2Fwp%2Fv2%2Fmedia&parent=158169"}],"wp:term":[{"taxonomy":"category","embeddable":true,"href":"https:\/\/diarioregionaldigital.com.br\/index.php?rest_route=%2Fwp%2Fv2%2Fcategories&post=158169"},{"taxonomy":"post_tag","embeddable":true,"href":"https:\/\/diarioregionaldigital.com.br\/index.php?rest_route=%2Fwp%2Fv2%2Ftags&post=158169"}],"curies":[{"name":"wp","href":"https:\/\/api.w.org\/{rel}","templated":true}]}}