{"id":158158,"date":"2020-04-08T18:43:16","date_gmt":"2020-04-08T21:43:16","guid":{"rendered":"https:\/\/diarioregionaldigital.com.br\/?p=158158"},"modified":"2020-04-08T18:43:16","modified_gmt":"2020-04-08T21:43:16","slug":"primeiro-caso-de-obito-por-coronavirus-e-confirmado-em-juiz-de-fora","status":"publish","type":"post","link":"https:\/\/diarioregionaldigital.com.br\/?p=158158","title":{"rendered":"Primeiro caso de \u00f3bito por Coronav\u00edrus \u00e9 confirmado em Juiz de Fora"},"content":{"rendered":"<p><span style=\"font-weight: 400;\">A Secretaria de Sa\u00fade (SS) da Prefeitura de Juiz de Fora (PJF) confirmou nesta quarta-feira (8), a primeira morte causada por Coronav\u00edrus na cidade. A v\u00edtima \u00e9 o professor d<\/span><span style=\"font-weight: 400;\">a Faculdade de Engenharia da Universidade Federal de Juiz de Fora (UFJF)<\/span><span style=\"font-weight: 400;\"> Jos\u00e9 Luiz Rezende Pereira de 70 anos. Ele estava internado em um hospital da rede particular e era portador de <\/span><span style=\"font-weight: 400;\">hipertens\u00e3o arterial. Conforme a pasta, ele tinha hist\u00f3rico de viagem nacional ocorrida duas semanas antes de apresentar os sintomas.<\/span><\/p>\n<p><span style=\"font-weight: 400;\">O docente pertencia ao quadro da institui\u00e7\u00e3o desde 1993, no Departamento de Energia El\u00e9trica, sendo vice-reitor na gest\u00e3o do professor Henrique Duque, entre 2006 e 2014.\u00a0<\/span><\/p>\n<p><span style=\"font-weight: 400;\">Em nota o reitor Marcus David lamenta a morte do professor e decretou luto por tr\u00eas dias:<\/span><\/p>\n<p><span style=\"font-weight: 400;\">\u201cRecebemos a not\u00edcia do falecimento do professor Jos\u00e9 Luiz Rezende Pereira com profundo pesar. Ele foi um nome marcante na hist\u00f3ria da UFJF, seja como docente, pesquisador e lideran\u00e7a. Tamb\u00e9m marcou sua trajet\u00f3ria quando vice-reitor. Uma perda enorme para a Universidade e a academia\u201d, lamentou o reitor Marcus David, que decretou luto oficial de tr\u00eas dias na institui\u00e7\u00e3o.<\/span><\/p>\n<p>&nbsp;<\/p>\n<p><b>Coronav\u00edrus<\/b><\/p>\n<p><span style=\"font-weight: 400;\">Segundo o boletim divulgado pela PJF, Juiz de Fora j\u00e1 tem 1.085 casos suspeitos da doen\u00e7a, sendo que 58 foram confirmados e 5 \u00f3bitos est\u00e3o sob investiga\u00e7\u00e3o.<\/span><\/p>\n","protected":false},"excerpt":{"rendered":"<p>A Secretaria de Sa\u00fade (SS) da Prefeitura de Juiz de Fora (PJF) confirmou nesta quarta-feira (8), a primeira morte causada por Coronav\u00edrus na cidade. A v\u00edtima \u00e9 o professor da Faculdade de Engenharia da Universidade Federal de Juiz de Fora (UFJF) Jos\u00e9 Luiz Rezende Pereira de 70 anos. Ele estava internado em um hospital da [&hellip;]<\/p>\n","protected":false},"author":96,"featured_media":157417,"comment_status":"closed","ping_status":"closed","sticky":false,"template":"","format":"standard","meta":{"footnotes":""},"categories":[253,436,440,439],"tags":[],"class_list":["post-158158","post","type-post","status-publish","format-standard","has-post-thumbnail","hentry","category-cidade","category-destaque-da-semana","category-destaques-do-dia","category-ultima-hora"],"_links":{"self":[{"href":"https:\/\/diarioregionaldigital.com.br\/index.php?rest_route=\/wp\/v2\/posts\/158158","targetHints":{"allow":["GET"]}}],"collection":[{"href":"https:\/\/diarioregionaldigital.com.br\/index.php?rest_route=\/wp\/v2\/posts"}],"about":[{"href":"https:\/\/diarioregionaldigital.com.br\/index.php?rest_route=\/wp\/v2\/types\/post"}],"author":[{"embeddable":true,"href":"https:\/\/diarioregionaldigital.com.br\/index.php?rest_route=\/wp\/v2\/users\/96"}],"replies":[{"embeddable":true,"href":"https:\/\/diarioregionaldigital.com.br\/index.php?rest_route=%2Fwp%2Fv2%2Fcomments&post=158158"}],"version-history":[{"count":0,"href":"https:\/\/diarioregionaldigital.com.br\/index.php?rest_route=\/wp\/v2\/posts\/158158\/revisions"}],"wp:featuredmedia":[{"embeddable":true,"href":"https:\/\/diarioregionaldigital.com.br\/index.php?rest_route=\/wp\/v2\/media\/157417"}],"wp:attachment":[{"href":"https:\/\/diarioregionaldigital.com.br\/index.php?rest_route=%2Fwp%2Fv2%2Fmedia&parent=158158"}],"wp:term":[{"taxonomy":"category","embeddable":true,"href":"https:\/\/diarioregionaldigital.com.br\/index.php?rest_route=%2Fwp%2Fv2%2Fcategories&post=158158"},{"taxonomy":"post_tag","embeddable":true,"href":"https:\/\/diarioregionaldigital.com.br\/index.php?rest_route=%2Fwp%2Fv2%2Ftags&post=158158"}],"curies":[{"name":"wp","href":"https:\/\/api.w.org\/{rel}","templated":true}]}}