{"id":158150,"date":"2020-04-08T17:23:52","date_gmt":"2020-04-08T20:23:52","guid":{"rendered":"https:\/\/diarioregionaldigital.com.br\/?p=158150"},"modified":"2020-04-08T17:23:52","modified_gmt":"2020-04-08T20:23:52","slug":"fabrica-da-mercedes-na-inglaterra-inicia-producao-de-respiradores","status":"publish","type":"post","link":"https:\/\/diarioregionaldigital.com.br\/?p=158150","title":{"rendered":"F\u00e1brica da Mercedes na Inglaterra inicia produ\u00e7\u00e3o de respiradores"},"content":{"rendered":"<p>Hexacampe\u00e3 de construtores na F1, a Mercedes iniciou em sua f\u00e1brica na Inglaterra, a produ\u00e7\u00e3o de aparelhos respiradores destinados aos pacientes em estado mais cr\u00edtico do Coronav\u00edrus. A iniciativa foi criada por equipes de F\u00f3rmula 1, junto ao governo brit\u00e2nico e a &#8220;University College London&#8221;.<\/p>\n<p>Um dos dispositivos em aus\u00eancia pelo todo territ\u00f3rio do Reino Unido \u00e9 para press\u00e3o cont\u00ednua nas vias a\u00e9reas e o mesmo foi produzido em menos de 5 dias. Devido a produ\u00e7\u00e3o dos aparelhos, a Mercedes reconfigurou toda sua f\u00e1brica e a expectativa \u00e9 de produzir mil aparelhos por dia.<\/p>\n<p>Al\u00e9m da Mercedes, outras seis equipes com sede no pa\u00eds est\u00e3o colaborando em \u00e1reas como prototipagem r\u00e1pida, design e testes para o desenvolvimento de aparelhos que ajudem nessa pandemia de Covid-19.<\/p>\n","protected":false},"excerpt":{"rendered":"<p>Hexacampe\u00e3 de construtores na F1, a Mercedes iniciou em sua f\u00e1brica na Inglaterra, a produ\u00e7\u00e3o de aparelhos respiradores destinados aos pacientes em estado mais cr\u00edtico do Coronav\u00edrus. A iniciativa foi criada por equipes de F\u00f3rmula 1, junto ao governo brit\u00e2nico e a &#8220;University College London&#8221;. Um dos dispositivos em aus\u00eancia pelo todo territ\u00f3rio do Reino [&hellip;]<\/p>\n","protected":false},"author":96,"featured_media":158151,"comment_status":"closed","ping_status":"closed","sticky":false,"template":"","format":"standard","meta":{"footnotes":""},"categories":[436,257,439],"tags":[],"class_list":["post-158150","post","type-post","status-publish","format-standard","has-post-thumbnail","hentry","category-destaque-da-semana","category-esporte","category-ultima-hora"],"_links":{"self":[{"href":"https:\/\/diarioregionaldigital.com.br\/index.php?rest_route=\/wp\/v2\/posts\/158150","targetHints":{"allow":["GET"]}}],"collection":[{"href":"https:\/\/diarioregionaldigital.com.br\/index.php?rest_route=\/wp\/v2\/posts"}],"about":[{"href":"https:\/\/diarioregionaldigital.com.br\/index.php?rest_route=\/wp\/v2\/types\/post"}],"author":[{"embeddable":true,"href":"https:\/\/diarioregionaldigital.com.br\/index.php?rest_route=\/wp\/v2\/users\/96"}],"replies":[{"embeddable":true,"href":"https:\/\/diarioregionaldigital.com.br\/index.php?rest_route=%2Fwp%2Fv2%2Fcomments&post=158150"}],"version-history":[{"count":0,"href":"https:\/\/diarioregionaldigital.com.br\/index.php?rest_route=\/wp\/v2\/posts\/158150\/revisions"}],"wp:featuredmedia":[{"embeddable":true,"href":"https:\/\/diarioregionaldigital.com.br\/index.php?rest_route=\/wp\/v2\/media\/158151"}],"wp:attachment":[{"href":"https:\/\/diarioregionaldigital.com.br\/index.php?rest_route=%2Fwp%2Fv2%2Fmedia&parent=158150"}],"wp:term":[{"taxonomy":"category","embeddable":true,"href":"https:\/\/diarioregionaldigital.com.br\/index.php?rest_route=%2Fwp%2Fv2%2Fcategories&post=158150"},{"taxonomy":"post_tag","embeddable":true,"href":"https:\/\/diarioregionaldigital.com.br\/index.php?rest_route=%2Fwp%2Fv2%2Ftags&post=158150"}],"curies":[{"name":"wp","href":"https:\/\/api.w.org\/{rel}","templated":true}]}}