{"id":158117,"date":"2020-04-08T13:34:03","date_gmt":"2020-04-08T16:34:03","guid":{"rendered":"https:\/\/diarioregionaldigital.com.br\/?p=158117"},"modified":"2020-04-08T13:34:03","modified_gmt":"2020-04-08T16:34:03","slug":"regiao-metropolitana-do-rio-tem-91-dos-casos-de-coronavirus-do-estado","status":"publish","type":"post","link":"https:\/\/diarioregionaldigital.com.br\/?p=158117","title":{"rendered":"Regi\u00e3o metropolitana do Rio tem 91% dos casos de coronav\u00edrus do estado"},"content":{"rendered":"<p>Os casos confirmados no estado do Rio est\u00e3o concentrados na regi\u00e3o metropolitana do Rio, que registra 91,6% do total. Dos\u00a01.688 casos divulgados\u00a0pela Secretaria de Estado de Sa\u00fade (SES) nesta ter\u00e7a-feira (7), 1.531 est\u00e3o nessa regi\u00e3o, que engloba a capital, Niter\u00f3i, S\u00e3o Gon\u00e7alo e a Baixada Fluminense.<\/p>\n<p>As demais regi\u00f5es apresentam \u00edndices bem menores de contamina\u00e7\u00e3o pelo covid-19. A que tem o maior n\u00famero de casos \u00e9 a regi\u00e3o do M\u00e9dio Para\u00edba, com 78 casos, o que representa 4,6% do total do estado. Um dos motivos \u00e9 a cidade de Volta Redonda, polo sider\u00fargico, que sozinha tem 58 casos.<\/p>\n<p>A terceira regi\u00e3o com maior n\u00famero de casos confirmados \u00e9 a Serrana, que registra 38 casos, ou 2,25% do total. Desses, 20 casos est\u00e3o na cidade de Petr\u00f3polis, 7 em Teres\u00f3polis e mais 7 em Nova Friburgo.<\/p>\n<p>As demais regi\u00f5es t\u00eam \u00edndices abaixo de 1% sobre o total do estado, com destaque para a Baixada Litor\u00e2nea, com 15 casos, ou 0,88%. A regi\u00e3o norte, onde est\u00e3o os munic\u00edpios de Campos dos Goytacazes e Maca\u00e9, polos de extra\u00e7\u00e3o de petr\u00f3leo, registra 10 casos, ou 0,59%.<\/p>\n<p>As demais regi\u00f5es t\u00eam \u00edndices ainda menores, como Ba\u00eda da Ilha Grande, onde est\u00e3o Angra dos Reis e Paraty, com 6 casos, ou 0,35%; Centro Sul, com 6 casos, 0,35%; e Noroeste, com 3 casos, ou 0,17% do total do estado.<\/p>\n<p>Nas 30 cidades onde n\u00e3o foram registrados casos de covid-19, o governador Wilson Witzel\u00a0publicou decreto\u00a0suspendendo o isolamento interno, permitindo \u00e0 popula\u00e7\u00e3o se locomover livremente dentro do munic\u00edpio e a abertura normal do com\u00e9rcio.<\/p>\n<p>Por\u00e9m, o n\u00famero de munic\u00edpios atingidos pelo coronav\u00edrus vem aumentando a cada semana, tornando imposs\u00edvel dizer que qualquer cidade estar\u00e1 livre da contamina\u00e7\u00e3o. Na divulga\u00e7\u00e3o desta ter\u00e7a-feira, o estado registrou 1.688 casos distribu\u00eddos em 48 munic\u00edpios. Pouco mais de uma semana atr\u00e1s, no boletim de 30 de mar\u00e7o da SES, eram 657 casos, em 24 munic\u00edpios. Na semana anterior, eram 233 casos, em sete munic\u00edpios. No boletim de 16 de mar\u00e7o, o estado registrava 31 casos tamb\u00e9m em tr\u00eas* munic\u00edpios.<\/p>\n<p>&nbsp;<\/p>\n<p><strong>Fonte:\u00a0<\/strong>Ag\u00eancia Brasil<\/p>\n","protected":false},"excerpt":{"rendered":"<p>Os casos confirmados no estado do Rio est\u00e3o concentrados na regi\u00e3o metropolitana do Rio, que registra 91,6% do total. Dos\u00a01.688 casos divulgados\u00a0pela Secretaria de Estado de Sa\u00fade (SES) nesta ter\u00e7a-feira (7), 1.531 est\u00e3o nessa regi\u00e3o, que engloba a capital, Niter\u00f3i, S\u00e3o Gon\u00e7alo e a Baixada Fluminense. As demais regi\u00f5es apresentam \u00edndices bem menores de contamina\u00e7\u00e3o [&hellip;]<\/p>\n","protected":false},"author":96,"featured_media":157770,"comment_status":"closed","ping_status":"closed","sticky":false,"template":"","format":"standard","meta":{"footnotes":""},"categories":[302,436,439],"tags":[],"class_list":["post-158117","post","type-post","status-publish","format-standard","has-post-thumbnail","hentry","category-brasil-mundo","category-destaque-da-semana","category-ultima-hora"],"_links":{"self":[{"href":"https:\/\/diarioregionaldigital.com.br\/index.php?rest_route=\/wp\/v2\/posts\/158117","targetHints":{"allow":["GET"]}}],"collection":[{"href":"https:\/\/diarioregionaldigital.com.br\/index.php?rest_route=\/wp\/v2\/posts"}],"about":[{"href":"https:\/\/diarioregionaldigital.com.br\/index.php?rest_route=\/wp\/v2\/types\/post"}],"author":[{"embeddable":true,"href":"https:\/\/diarioregionaldigital.com.br\/index.php?rest_route=\/wp\/v2\/users\/96"}],"replies":[{"embeddable":true,"href":"https:\/\/diarioregionaldigital.com.br\/index.php?rest_route=%2Fwp%2Fv2%2Fcomments&post=158117"}],"version-history":[{"count":0,"href":"https:\/\/diarioregionaldigital.com.br\/index.php?rest_route=\/wp\/v2\/posts\/158117\/revisions"}],"wp:featuredmedia":[{"embeddable":true,"href":"https:\/\/diarioregionaldigital.com.br\/index.php?rest_route=\/wp\/v2\/media\/157770"}],"wp:attachment":[{"href":"https:\/\/diarioregionaldigital.com.br\/index.php?rest_route=%2Fwp%2Fv2%2Fmedia&parent=158117"}],"wp:term":[{"taxonomy":"category","embeddable":true,"href":"https:\/\/diarioregionaldigital.com.br\/index.php?rest_route=%2Fwp%2Fv2%2Fcategories&post=158117"},{"taxonomy":"post_tag","embeddable":true,"href":"https:\/\/diarioregionaldigital.com.br\/index.php?rest_route=%2Fwp%2Fv2%2Ftags&post=158117"}],"curies":[{"name":"wp","href":"https:\/\/api.w.org\/{rel}","templated":true}]}}