{"id":158115,"date":"2020-04-08T13:30:02","date_gmt":"2020-04-08T16:30:02","guid":{"rendered":"https:\/\/diarioregionaldigital.com.br\/?p=158115"},"modified":"2020-04-08T13:30:02","modified_gmt":"2020-04-08T16:30:02","slug":"coronavirus-paraisopolis-e-varginha-tem-mortes-confirmadas","status":"publish","type":"post","link":"https:\/\/diarioregionaldigital.com.br\/?p=158115","title":{"rendered":"Coronav\u00edrus: Parais\u00f3polis e Varginha tem mortes confirmadas"},"content":{"rendered":"<p>A Secretaria de Estado da Sa\u00fade de Minas Gerais (SES-MG), confirmou nesta quarta-feira (8), as primeiras mortes por Coronav\u00edrus nas cidades de Parais\u00f3polis e Varginha. A v\u00edtima de Parais\u00f3polis era uma idosa de 60 anos e a de Varginha era um homem de 59 anos. Ainda conforme o boletim, foi confirmada mais uma morte em Belo Horizonte, o paciente era uma idosa de 92 anos.<\/p>\n<p>At\u00e9 o momento Minas Gerais tem 14 mortes confirmadas: Belo Horizonte (6), Mariana (1), Montes Claros (1), Ouro Fino (1), Parais\u00f3polis (1), Pouso Alegre (1), Uberl\u00e2ndia (2) e Varginha (1). Ainda conforme o SES-MG, 51.640 casos s\u00e3o considerados suspeitos, 614 foram confirmados e 97 \u00f3bitos est\u00e3o sob investiga\u00e7\u00e3o.<\/p>\n<p><strong>Novos Casos<\/strong><\/p>\n<p>A SES-MG confirmou primeiros casos confirmados do Coronav\u00edrus em Itapeva, Plumhi, S\u00e3o Jo\u00e3o Nepomuceno e Vazante. Os dados atualizados agora s\u00e3o: Alfenas (1),\u00a0Araguari (2),Arcos (2),Barbacena (1),<b>\u00a0Belo Horizonte (293)<\/b>,\u00a0Betim (6),\u00a0<strong>Boa Esperan\u00e7a (3),<\/strong>\u00a0Bom Despacho (1),\u00a0Botelhos (1),\u00a0Cambu\u00ed (1),Campo Belo (1)<b>,<\/b>\u00a0Campos Altos (1), Capit\u00f3lio (1),Carmo da Cachoeira (1),\u00a0Carmo do Cajuru (1),\u00a0Centralina (1),\u00a0<strong>Contagem (14),<\/strong>\u00a0Coronel Fabriciano (2),\u00a0Diniv\u00e9sia (1),\u00a0<strong>Divin\u00f3polis (16),<\/strong>\u00a0Esmeraldas (1),\u00a0Extrema (1)<b>, <\/b>Frutal (1),\u00a0Governador Valadares (3), Guimar\u00e2nia (1),\u00a0<strong>Ipatinga (3)<\/strong>,\u00a0Itabira (1), <strong>Itapeva (1),\u00a0<\/strong>Jana\u00faba (2), Jeceaba (1),\u00a0<b>Juiz de Fora (46)<\/b>,\u00a0Lagoa da Prata (11),\u00a0Lavras (3),\u00a0Machado (1),\u00a0Manhua\u00e7u (1)<b>,\u00a0<\/b>Mariana (2),\u00a0Matozinhos (1), Montes Claros (\u00f3bito confirmado), Muria\u00e9 (4),\u00a0Nanuque (2),\u00a0Nova Lima (37),\u00a0Ouro Fino (\u00f3bito confirmado), Paracatu (1), Parais\u00f3polis (1), <strong>Patos de Minas (5),<\/strong> <strong>Patroc\u00ednio (6),<\/strong>\u00a0<strong>Plumhi (1),<\/strong>\u00a0Po\u00e7os de Caldas (2),<b>\u00a0Pouso Alegre (8), <\/b>Ribeir\u00e3o das Neves (2),\u00a0Sabar\u00e1 (5),\u00a0Santa Luzia (1), Santana do Para\u00edso (1), Santo Ant\u00f4nio do Monte (2), S\u00e3o Jo\u00e3o Del Rei (3), <strong>S\u00e3o Jo\u00e3o Nepomuceno (1),\u00a0<\/strong>Sarzedo (1), Senador Amaral (1),Serra do Saltire (1),Sete Lagoas (3),\u00a0<b>Tim\u00f3teo (5),<\/b>\u00a0Toledo (1), Ub\u00e1 (1),\u00a0<strong>Uberaba (13),\u00a0Uberl\u00e2ndia (37),\u00a0<\/strong>Una\u00ed (1),\u00a0Varginha (4),\u00a0<strong>Vazante (2)<\/strong>\u00a0e outros munic\u00edpios em investiga\u00e7\u00e3o (4).<\/p>\n","protected":false},"excerpt":{"rendered":"<p>A Secretaria de Estado da Sa\u00fade de Minas Gerais (SES-MG), confirmou nesta quarta-feira (8), as primeiras mortes por Coronav\u00edrus nas cidades de Parais\u00f3polis e Varginha. A v\u00edtima de Parais\u00f3polis era uma idosa de 60 anos e a de Varginha era um homem de 59 anos. Ainda conforme o boletim, foi confirmada mais uma morte em [&hellip;]<\/p>\n","protected":false},"author":96,"featured_media":95105,"comment_status":"closed","ping_status":"closed","sticky":false,"template":"","format":"standard","meta":{"footnotes":""},"categories":[436,440,252,439],"tags":[],"class_list":["post-158115","post","type-post","status-publish","format-standard","has-post-thumbnail","hentry","category-destaque-da-semana","category-destaques-do-dia","category-regiao","category-ultima-hora"],"_links":{"self":[{"href":"https:\/\/diarioregionaldigital.com.br\/index.php?rest_route=\/wp\/v2\/posts\/158115","targetHints":{"allow":["GET"]}}],"collection":[{"href":"https:\/\/diarioregionaldigital.com.br\/index.php?rest_route=\/wp\/v2\/posts"}],"about":[{"href":"https:\/\/diarioregionaldigital.com.br\/index.php?rest_route=\/wp\/v2\/types\/post"}],"author":[{"embeddable":true,"href":"https:\/\/diarioregionaldigital.com.br\/index.php?rest_route=\/wp\/v2\/users\/96"}],"replies":[{"embeddable":true,"href":"https:\/\/diarioregionaldigital.com.br\/index.php?rest_route=%2Fwp%2Fv2%2Fcomments&post=158115"}],"version-history":[{"count":0,"href":"https:\/\/diarioregionaldigital.com.br\/index.php?rest_route=\/wp\/v2\/posts\/158115\/revisions"}],"wp:featuredmedia":[{"embeddable":true,"href":"https:\/\/diarioregionaldigital.com.br\/index.php?rest_route=\/wp\/v2\/media\/95105"}],"wp:attachment":[{"href":"https:\/\/diarioregionaldigital.com.br\/index.php?rest_route=%2Fwp%2Fv2%2Fmedia&parent=158115"}],"wp:term":[{"taxonomy":"category","embeddable":true,"href":"https:\/\/diarioregionaldigital.com.br\/index.php?rest_route=%2Fwp%2Fv2%2Fcategories&post=158115"},{"taxonomy":"post_tag","embeddable":true,"href":"https:\/\/diarioregionaldigital.com.br\/index.php?rest_route=%2Fwp%2Fv2%2Ftags&post=158115"}],"curies":[{"name":"wp","href":"https:\/\/api.w.org\/{rel}","templated":true}]}}