{"id":158094,"date":"2020-04-07T22:16:15","date_gmt":"2020-04-08T01:16:15","guid":{"rendered":"https:\/\/diarioregionaldigital.com.br\/?p=158094"},"modified":"2020-04-07T22:16:15","modified_gmt":"2020-04-08T01:16:15","slug":"roubo-a-estabelecimento-resulta-em-prisao-de-tres-adolescentes","status":"publish","type":"post","link":"https:\/\/diarioregionaldigital.com.br\/?p=158094","title":{"rendered":"Roubo a estabelecimento resulta em pris\u00e3o de tr\u00eas adolescentes"},"content":{"rendered":"<p>A Pol\u00edcia Militar (PM), prendeu nessa ter\u00e7a-feira (7), tr\u00eas adolescentes, todos de 15 anos de idade, ap\u00f3s realizarem roubo em uma barbearia na Avenida 7 de Setembro no Centro de Juiz de Fora. A v\u00edtima relata que foi imobilizada por um dos infratores e logo em seguida retirou quantia de R$ 260,00 em dinheiro e um celular, enquanto que um outro suspeito apontou uma arma de fogo em dire\u00e7\u00e3o \u00e0 v\u00edtima.<\/p>\n<p>Ao chegarem no local, os policiais receberam informa\u00e7\u00f5es de que os suspeitos fugiram em um t\u00e1xi e ap\u00f3s realizarem dilig\u00eancias, o autom\u00f3vel foi localizado e foi constatado que os adolescentes s\u00e3o moradores do Bairro S\u00e3o Benedito (Regi\u00e3o Leste).<\/p>\n<p>A PM teve acesso \u00e0s imagens referentes \u00e0 fuga dos autores e foram repassadas para as equipes respons\u00e1veis pelo patrulhamento da regi\u00e3o. Ap\u00f3s intenso rastreamento, os policiais localizaram e capturaram com \u00eaxito os adolescentes. Ainda foram apreendidos um simulacro de pistola, R$ 42,40 em dinheiro e um aparelho celular.<\/p>\n<p>Os adolescentes foram encaminhados para a Delegacia, onde ser\u00e3o tomadas as devidas provid\u00eancias.<\/p>\n","protected":false},"excerpt":{"rendered":"<p>A Pol\u00edcia Militar (PM), prendeu nessa ter\u00e7a-feira (7), tr\u00eas adolescentes, todos de 15 anos de idade, ap\u00f3s realizarem roubo em uma barbearia na Avenida 7 de Setembro no Centro de Juiz de Fora. A v\u00edtima relata que foi imobilizada por um dos infratores e logo em seguida retirou quantia de R$ 260,00 em dinheiro e [&hellip;]<\/p>\n","protected":false},"author":96,"featured_media":158095,"comment_status":"closed","ping_status":"closed","sticky":false,"template":"","format":"standard","meta":{"footnotes":""},"categories":[301,436,439],"tags":[],"class_list":["post-158094","post","type-post","status-publish","format-standard","has-post-thumbnail","hentry","category-artigos-policiais","category-destaque-da-semana","category-ultima-hora"],"_links":{"self":[{"href":"https:\/\/diarioregionaldigital.com.br\/index.php?rest_route=\/wp\/v2\/posts\/158094","targetHints":{"allow":["GET"]}}],"collection":[{"href":"https:\/\/diarioregionaldigital.com.br\/index.php?rest_route=\/wp\/v2\/posts"}],"about":[{"href":"https:\/\/diarioregionaldigital.com.br\/index.php?rest_route=\/wp\/v2\/types\/post"}],"author":[{"embeddable":true,"href":"https:\/\/diarioregionaldigital.com.br\/index.php?rest_route=\/wp\/v2\/users\/96"}],"replies":[{"embeddable":true,"href":"https:\/\/diarioregionaldigital.com.br\/index.php?rest_route=%2Fwp%2Fv2%2Fcomments&post=158094"}],"version-history":[{"count":0,"href":"https:\/\/diarioregionaldigital.com.br\/index.php?rest_route=\/wp\/v2\/posts\/158094\/revisions"}],"wp:featuredmedia":[{"embeddable":true,"href":"https:\/\/diarioregionaldigital.com.br\/index.php?rest_route=\/wp\/v2\/media\/158095"}],"wp:attachment":[{"href":"https:\/\/diarioregionaldigital.com.br\/index.php?rest_route=%2Fwp%2Fv2%2Fmedia&parent=158094"}],"wp:term":[{"taxonomy":"category","embeddable":true,"href":"https:\/\/diarioregionaldigital.com.br\/index.php?rest_route=%2Fwp%2Fv2%2Fcategories&post=158094"},{"taxonomy":"post_tag","embeddable":true,"href":"https:\/\/diarioregionaldigital.com.br\/index.php?rest_route=%2Fwp%2Fv2%2Ftags&post=158094"}],"curies":[{"name":"wp","href":"https:\/\/api.w.org\/{rel}","templated":true}]}}