{"id":158085,"date":"2020-04-07T19:43:29","date_gmt":"2020-04-07T22:43:29","guid":{"rendered":"https:\/\/diarioregionaldigital.com.br\/?p=158085"},"modified":"2020-04-07T19:43:29","modified_gmt":"2020-04-07T22:43:29","slug":"f1-gp-do-canada-e-mais-uma-prova-adiada","status":"publish","type":"post","link":"https:\/\/diarioregionaldigital.com.br\/?p=158085","title":{"rendered":"F1: GP do Canad\u00e1 \u00e9 mais uma prova adiada"},"content":{"rendered":"<p>Os organizadores do GP do Canad\u00e1 de F1, confirmaram nessa ter\u00e7a-feira (7), o cancelamento da etapa canadense em decorr\u00eancia da epidemia do Coronav\u00edrus. Com isso, \u00e9 a nona prova do calend\u00e1rio a ser impactada pela doen\u00e7a.<\/p>\n<p>Mesmo ainda n\u00e3o ter nova data definida, o CEO da categoria Chasey Carey, deseja realizar a prova ainda neste ano de 2020:<\/p>\n<p>\u201cTemos trabalhado em conjunto com os nossos amigos do GP do Canad\u00e1 ao longo das \u00faltimas semanas e os apoiado nesta decis\u00e3o para assegurar a seguran\u00e7a de todos os f\u00e3s e da comunidade da F1. Sempre ficamos ansiosos para viajar para a incr\u00edvel cidade de Montreal. E por mais que desta vez tenhamos que esperar um pouco mais, faremos um grande show quando chegarmos l\u00e1 no fim deste ano\u201d.<\/p>\n<p>Com a confirma\u00e7\u00e3o do adiamento da prova no Canad\u00e1, a F1 teve outras oito corridas impactadas pelo Coronav\u00edrus: Austr\u00e1lia, Bahrein, Vietn\u00e3, China, Holanda, Espanha, M\u00f4naco e Azerbaij\u00e3o. At\u00e9 ent\u00e3o n\u00e3o h\u00e1 defini\u00e7\u00e3o para nova data.<\/p>\n<p>Al\u00e9m do cancelamento da prova, a F1 confirmou tamb\u00e9m a prorroga\u00e7\u00e3o do per\u00edodo de fechamento das f\u00e1bricas dos 10 times participantes. Esta paralisa\u00e7\u00e3o seria realizada durante as f\u00e9rias de ver\u00e3o, em agosto, no entanto foi antecipada para o per\u00edodo entre mar\u00e7o e abril.<\/p>\n<p>&nbsp;<\/p>\n","protected":false},"excerpt":{"rendered":"<p>Os organizadores do GP do Canad\u00e1 de F1, confirmaram nessa ter\u00e7a-feira (7), o cancelamento da etapa canadense em decorr\u00eancia da epidemia do Coronav\u00edrus. Com isso, \u00e9 a nona prova do calend\u00e1rio a ser impactada pela doen\u00e7a. Mesmo ainda n\u00e3o ter nova data definida, o CEO da categoria Chasey Carey, deseja realizar a prova ainda neste [&hellip;]<\/p>\n","protected":false},"author":96,"featured_media":158086,"comment_status":"closed","ping_status":"closed","sticky":false,"template":"","format":"standard","meta":{"footnotes":""},"categories":[436,257,439],"tags":[],"class_list":["post-158085","post","type-post","status-publish","format-standard","has-post-thumbnail","hentry","category-destaque-da-semana","category-esporte","category-ultima-hora"],"_links":{"self":[{"href":"https:\/\/diarioregionaldigital.com.br\/index.php?rest_route=\/wp\/v2\/posts\/158085","targetHints":{"allow":["GET"]}}],"collection":[{"href":"https:\/\/diarioregionaldigital.com.br\/index.php?rest_route=\/wp\/v2\/posts"}],"about":[{"href":"https:\/\/diarioregionaldigital.com.br\/index.php?rest_route=\/wp\/v2\/types\/post"}],"author":[{"embeddable":true,"href":"https:\/\/diarioregionaldigital.com.br\/index.php?rest_route=\/wp\/v2\/users\/96"}],"replies":[{"embeddable":true,"href":"https:\/\/diarioregionaldigital.com.br\/index.php?rest_route=%2Fwp%2Fv2%2Fcomments&post=158085"}],"version-history":[{"count":0,"href":"https:\/\/diarioregionaldigital.com.br\/index.php?rest_route=\/wp\/v2\/posts\/158085\/revisions"}],"wp:featuredmedia":[{"embeddable":true,"href":"https:\/\/diarioregionaldigital.com.br\/index.php?rest_route=\/wp\/v2\/media\/158086"}],"wp:attachment":[{"href":"https:\/\/diarioregionaldigital.com.br\/index.php?rest_route=%2Fwp%2Fv2%2Fmedia&parent=158085"}],"wp:term":[{"taxonomy":"category","embeddable":true,"href":"https:\/\/diarioregionaldigital.com.br\/index.php?rest_route=%2Fwp%2Fv2%2Fcategories&post=158085"},{"taxonomy":"post_tag","embeddable":true,"href":"https:\/\/diarioregionaldigital.com.br\/index.php?rest_route=%2Fwp%2Fv2%2Ftags&post=158085"}],"curies":[{"name":"wp","href":"https:\/\/api.w.org\/{rel}","templated":true}]}}