{"id":158082,"date":"2020-04-07T19:41:45","date_gmt":"2020-04-07T22:41:45","guid":{"rendered":"https:\/\/diarioregionaldigital.com.br\/?p=158082"},"modified":"2020-04-07T19:41:45","modified_gmt":"2020-04-07T22:41:45","slug":"covid-19-cbda-suspende-todas-as-atividades-aquaticas-ate-5-de-julho","status":"publish","type":"post","link":"https:\/\/diarioregionaldigital.com.br\/?p=158082","title":{"rendered":"Covid-19: CBDA suspende todas as atividades aqu\u00e1ticas at\u00e9 5 de julho"},"content":{"rendered":"<p>A Confedera\u00e7\u00e3o Brasileira de Desportos Aqu\u00e1ticos(CBDA) suspendeu\u00a0 todas as atividades da modalidade at\u00e9 5 de julho, por causa da pandemia do novo coronav\u00edrus (covid-19). A decis\u00e3o amplia a paralisa\u00e7\u00e3o j\u00e1 determinada pela entidade, no \u00faltimo dia 16, que previa a descontinua\u00e7\u00e3o das competi\u00e7\u00f5es em n\u00edvel nacional e regional por 21 dias.<\/p>\n<p>\u201cTemos um grande desafio pela frente, o de definir o cronograma de atividades aqu\u00e1ticas no curto e no m\u00e9dio prazo, em meio \u00e0 falta de clareza sobre a dura\u00e7\u00e3o do isolamento social, ainda n\u00e3o determinada pelas autoridades p\u00fablicas. (&#8230;) A todos os nossos amigos e amigas da comunidade aqu\u00e1tica: cuidem da sa\u00fade de voc\u00eas e dos seus, vamos estar mais fortes quando tudo isso passar\u201d, disse presidente Luiz Fernando Coelho, no comunicado oficial \u00a0publicado no site da confedera\u00e7\u00e3o.<\/p>\n<p>A CBDA \u00e9 a entidade m\u00e1xima da nata\u00e7\u00e3o, maratona aqu\u00e1tica, saltos ornamentais, nado art\u00edstico e polo aqu\u00e1tico. O calend\u00e1rio ser\u00e1 revisto futuramente e as datas das competi\u00e7\u00f5es em \u00e2mbito local ser\u00e3o definidas pelas federa\u00e7\u00f5es estaduais, de acordo com as autoridades de sa\u00fade.<\/p>\n<p>&nbsp;<\/p>\n<p><strong>Fonte:\u00a0<\/strong>Ag\u00eancia Brasil<\/p>\n","protected":false},"excerpt":{"rendered":"<p>A Confedera\u00e7\u00e3o Brasileira de Desportos Aqu\u00e1ticos(CBDA) suspendeu\u00a0 todas as atividades da modalidade at\u00e9 5 de julho, por causa da pandemia do novo coronav\u00edrus (covid-19). A decis\u00e3o amplia a paralisa\u00e7\u00e3o j\u00e1 determinada pela entidade, no \u00faltimo dia 16, que previa a descontinua\u00e7\u00e3o das competi\u00e7\u00f5es em n\u00edvel nacional e regional por 21 dias. \u201cTemos um grande desafio [&hellip;]<\/p>\n","protected":false},"author":96,"featured_media":158083,"comment_status":"closed","ping_status":"closed","sticky":false,"template":"","format":"standard","meta":{"footnotes":""},"categories":[436,257,439],"tags":[],"class_list":["post-158082","post","type-post","status-publish","format-standard","has-post-thumbnail","hentry","category-destaque-da-semana","category-esporte","category-ultima-hora"],"_links":{"self":[{"href":"https:\/\/diarioregionaldigital.com.br\/index.php?rest_route=\/wp\/v2\/posts\/158082","targetHints":{"allow":["GET"]}}],"collection":[{"href":"https:\/\/diarioregionaldigital.com.br\/index.php?rest_route=\/wp\/v2\/posts"}],"about":[{"href":"https:\/\/diarioregionaldigital.com.br\/index.php?rest_route=\/wp\/v2\/types\/post"}],"author":[{"embeddable":true,"href":"https:\/\/diarioregionaldigital.com.br\/index.php?rest_route=\/wp\/v2\/users\/96"}],"replies":[{"embeddable":true,"href":"https:\/\/diarioregionaldigital.com.br\/index.php?rest_route=%2Fwp%2Fv2%2Fcomments&post=158082"}],"version-history":[{"count":0,"href":"https:\/\/diarioregionaldigital.com.br\/index.php?rest_route=\/wp\/v2\/posts\/158082\/revisions"}],"wp:featuredmedia":[{"embeddable":true,"href":"https:\/\/diarioregionaldigital.com.br\/index.php?rest_route=\/wp\/v2\/media\/158083"}],"wp:attachment":[{"href":"https:\/\/diarioregionaldigital.com.br\/index.php?rest_route=%2Fwp%2Fv2%2Fmedia&parent=158082"}],"wp:term":[{"taxonomy":"category","embeddable":true,"href":"https:\/\/diarioregionaldigital.com.br\/index.php?rest_route=%2Fwp%2Fv2%2Fcategories&post=158082"},{"taxonomy":"post_tag","embeddable":true,"href":"https:\/\/diarioregionaldigital.com.br\/index.php?rest_route=%2Fwp%2Fv2%2Ftags&post=158082"}],"curies":[{"name":"wp","href":"https:\/\/api.w.org\/{rel}","templated":true}]}}