{"id":158072,"date":"2020-04-07T19:37:11","date_gmt":"2020-04-07T22:37:11","guid":{"rendered":"https:\/\/diarioregionaldigital.com.br\/?p=158072"},"modified":"2020-04-07T19:37:11","modified_gmt":"2020-04-07T22:37:11","slug":"cobertura-vacinal-de-idosos-contra-o-virus-da-gripe-chega-a-70-em-jf","status":"publish","type":"post","link":"https:\/\/diarioregionaldigital.com.br\/?p=158072","title":{"rendered":"Cobertura vacinal de idosos contra o v\u00edrus da gripe chega a 70% em JF"},"content":{"rendered":"<p>Mais de 52 mil idosos j\u00e1 foram imunizados em Juiz de Fora contra o v\u00edrus da gripe. De acordo com o Setor de Imuniza\u00e7\u00e3o do Departamento de Vigil\u00e2ncia Epidemiol\u00f3gica e Ambiental (Dvea) da Secretaria de Sa\u00fade (SS), em duas semanas de campanha foram aplicadas 62.121 doses da vacina contra a influenza. Foram administradas 52.925 doses em pessoas com mais de 60 anos e 9.196 em profissionais de sa\u00fade. A cobertura vacinal nessa segunda semana de campanha, referente a esse p\u00fablico, foi de 74,01% e 40,35%, respectivamente.<\/p>\n<p>Homens e mulheres com idade igual ou superior a 60 anos podem buscar a imuniza\u00e7\u00e3o contra a gripe na Unidade B\u00e1sica de Sa\u00fade (UBS) de refer\u00eancia do seu bairro, no Pronto Atendimento M\u00e9dico (PAM) Marechal ou no Departamento de Sa\u00fade do Idoso (DSI), na Rua Batista de Oliveira, 943.<\/p>\n<p>A vacina ofertada \u00e9 a trivalente, que protege contra os tr\u00eas subtipos da influenza: H1N1, H3N2 e B. Ela \u00e9 composta por v\u00edrus inativados, ou seja, mortos, e, por isso, muito segura. A dose \u00e9 contraindicada para pessoas que t\u00eam alergia grave a ovo de galinha.<\/p>\n<p>&nbsp;<\/p>\n<p><strong>Calend\u00e1rio de vacina\u00e7\u00e3o<\/strong><\/p>\n<p><strong>Primeira fase:<\/strong><\/p>\n<p>&#8211; Idosos: at\u00e9 15 de abril<\/p>\n<p><strong>Segunda fase:<\/strong><\/p>\n<p>&#8211; Professores, profissionais das for\u00e7as de seguran\u00e7a e salvamento e doentes cr\u00f4nicos: 16 de abril a 9 de maio<\/p>\n<p><strong>Terceira fase:<\/strong><\/p>\n<p>&#8211; Crian\u00e7as de seis meses a menores de seis anos, pessoas com 55 anos ou mais, gr\u00e1vidas, m\u00e3es no p\u00f3s-parto, popula\u00e7\u00e3o ind\u00edgena e portadores de condi\u00e7\u00f5es especiais: 9 a 22 de maio.<\/p>\n<p>&nbsp;<\/p>\n<p><strong>Fonte:\u00a0<\/strong>Assessoria<\/p>\n","protected":false},"excerpt":{"rendered":"<p>Mais de 52 mil idosos j\u00e1 foram imunizados em Juiz de Fora contra o v\u00edrus da gripe. De acordo com o Setor de Imuniza\u00e7\u00e3o do Departamento de Vigil\u00e2ncia Epidemiol\u00f3gica e Ambiental (Dvea) da Secretaria de Sa\u00fade (SS), em duas semanas de campanha foram aplicadas 62.121 doses da vacina contra a influenza. Foram administradas 52.925 doses [&hellip;]<\/p>\n","protected":false},"author":96,"featured_media":158074,"comment_status":"closed","ping_status":"closed","sticky":false,"template":"","format":"standard","meta":{"footnotes":""},"categories":[253,436,439],"tags":[],"class_list":["post-158072","post","type-post","status-publish","format-standard","has-post-thumbnail","hentry","category-cidade","category-destaque-da-semana","category-ultima-hora"],"_links":{"self":[{"href":"https:\/\/diarioregionaldigital.com.br\/index.php?rest_route=\/wp\/v2\/posts\/158072","targetHints":{"allow":["GET"]}}],"collection":[{"href":"https:\/\/diarioregionaldigital.com.br\/index.php?rest_route=\/wp\/v2\/posts"}],"about":[{"href":"https:\/\/diarioregionaldigital.com.br\/index.php?rest_route=\/wp\/v2\/types\/post"}],"author":[{"embeddable":true,"href":"https:\/\/diarioregionaldigital.com.br\/index.php?rest_route=\/wp\/v2\/users\/96"}],"replies":[{"embeddable":true,"href":"https:\/\/diarioregionaldigital.com.br\/index.php?rest_route=%2Fwp%2Fv2%2Fcomments&post=158072"}],"version-history":[{"count":0,"href":"https:\/\/diarioregionaldigital.com.br\/index.php?rest_route=\/wp\/v2\/posts\/158072\/revisions"}],"wp:featuredmedia":[{"embeddable":true,"href":"https:\/\/diarioregionaldigital.com.br\/index.php?rest_route=\/wp\/v2\/media\/158074"}],"wp:attachment":[{"href":"https:\/\/diarioregionaldigital.com.br\/index.php?rest_route=%2Fwp%2Fv2%2Fmedia&parent=158072"}],"wp:term":[{"taxonomy":"category","embeddable":true,"href":"https:\/\/diarioregionaldigital.com.br\/index.php?rest_route=%2Fwp%2Fv2%2Fcategories&post=158072"},{"taxonomy":"post_tag","embeddable":true,"href":"https:\/\/diarioregionaldigital.com.br\/index.php?rest_route=%2Fwp%2Fv2%2Ftags&post=158072"}],"curies":[{"name":"wp","href":"https:\/\/api.w.org\/{rel}","templated":true}]}}