{"id":158065,"date":"2020-04-07T19:33:31","date_gmt":"2020-04-07T22:33:31","guid":{"rendered":"https:\/\/diarioregionaldigital.com.br\/?p=158065"},"modified":"2020-04-07T19:33:31","modified_gmt":"2020-04-07T22:33:31","slug":"enem-2020-candidatos-ja-podem-solicitar-isencao-da-taxa-de-inscricao","status":"publish","type":"post","link":"https:\/\/diarioregionaldigital.com.br\/?p=158065","title":{"rendered":"Enem 2020: Candidatos j\u00e1 podem solicitar isen\u00e7\u00e3o da taxa de inscri\u00e7\u00e3o"},"content":{"rendered":"<p>O Instituto Nacional de Estudos e Pesquisas Educacionais An\u00edsio Teixeira (Inep) divulgou as regras para o Exame Nacional do Ensino M\u00e9dio (Enem) 2020. As provas est\u00e3o mantidas e a pandemia do coronav\u00edrus n\u00e3o deve alterar o cronograma, segundo o edital. O prazo para solicitar a isen\u00e7\u00e3o da taxa de inscri\u00e7\u00e3o j\u00e1 est\u00e1 aberto e vai at\u00e9 o dia 17 de abril.\u00a0 Para requerer o benef\u00edcio \u00e9 necess\u00e1rio atender a crit\u00e9rios espec\u00edficos do edital.<\/p>\n<p>Nesta edi\u00e7\u00e3o, a prova ser\u00e1 aplicada nas vers\u00f5es impressa nos dias 1\u00ba e 8 de novembro e na vers\u00e3o digital nos dias 11 e 18 de outubro. Nem todos os munic\u00edpios receber\u00e3o a vers\u00e3o digital do exame\u00a0 \u2013 Juiz de Fora \u00e9 um deles e h\u00e1 3.095 vagas para inscri\u00e7\u00e3o de candidatos nessa modalidade. Ao todo, ser\u00e3o disponibilizadas at\u00e9 100 mil inscri\u00e7\u00f5es para o Enem digital. O participante dever\u00e1 comparecer ao local determinado para realizar o exame, n\u00e3o sendo poss\u00edvel fazer a prova em um computador particular. O candidato que optar pelo Enem digital n\u00e3o poder\u00e1 se inscrever na vers\u00e3o impressa.<\/p>\n<p><strong>Quem pode solicitar isen\u00e7\u00e3o?<\/strong><\/p>\n<ul>\n<li>Estudantes que estejam cursando o \u00faltimo ano do ensino m\u00e9dio no ano de 2020 na rede p\u00fablica;<\/li>\n<li>Candidatos que tenham cursado todo o ensino m\u00e9dio em escola da rede p\u00fablica; ou como bolsista integral na rede privada e tenha renda per capita igual ou inferior a um sal\u00e1rio m\u00ednimo e meio;<\/li>\n<li>Aqueles que declararem estar em situa\u00e7\u00e3o de vulnerabilidade socioecon\u00f4mica, por serem membros de fam\u00edlia de baixa renda, e que estejam inscritos no Cadastro \u00danico para Programas Sociais do Governo Federal (CO Instituto Nacional de Estudos e Pesquisas Educacionais An\u00edsio Teixeira (Inep) divulgou as regras para o Exame Nacional do Ensino M\u00e9dio (Enem) 2020. As provas est\u00e3o mantidas e a pandemia do coronav\u00edrus n\u00e3o deve alterar o cronograma, segundo o edital. O prazo para solicitar a isen\u00e7\u00e3o da taxa de inscri\u00e7\u00e3o j\u00e1 est\u00e1 aberto e vai at\u00e9 o dia 17 de abril.\u00a0 Para requerer o benef\u00edcio \u00e9 necess\u00e1rio atender a crit\u00e9rios espec\u00edficos do edital.\n<p>Nesta edi\u00e7\u00e3o, a prova ser\u00e1 aplicada nas vers\u00f5es impressa nos dias 1\u00ba e 8 de novembro e na vers\u00e3o digital nos dias 11 e 18 de outubro. Nem todos os munic\u00edpios receber\u00e3o a vers\u00e3o digital do exame\u00a0 \u2013 Juiz de Fora \u00e9 um deles e h\u00e1 3.095 vagas para inscri\u00e7\u00e3o de candidatos nessa modalidade. Ao todo, ser\u00e3o disponibilizadas at\u00e9 100 mil inscri\u00e7\u00f5es para o Enem digital. O participante dever\u00e1 comparecer ao local determinado para realizar o exame, n\u00e3o sendo poss\u00edvel fazer a prova em um computador particular. O candidato que optar pelo Enem digital n\u00e3o poder\u00e1 se inscrever na vers\u00e3o impressa.<\/p>\n<p><strong>Quem pode solicitar isen\u00e7\u00e3o?<\/strong><\/p>\n<ul>\n<li>Estudantes que estejam cursando o \u00faltimo ano do ensino m\u00e9dio no ano de 2020 na rede p\u00fablica;<\/li>\n<li>Candidatos que tenham cursado todo o ensino m\u00e9dio em escola da rede p\u00fablica; ou como bolsista integral na rede privada e tenha renda per capita igual ou inferior a um sal\u00e1rio m\u00ednimo e meio;<\/li>\n<li>Aqueles que declararem estar em situa\u00e7\u00e3o de vulnerabilidade socioecon\u00f4mica, por serem membros de fam\u00edlia de baixa renda, e que estejam inscritos no Cadastro \u00danico para Programas Sociais do Governo Federal (Cad\u00danico);<\/li>\n<\/ul>\n<p>O participante que obteve a isen\u00e7\u00e3o da taxa de inscri\u00e7\u00e3o do Enem 2019, n\u00e3o compareceu \u00e0s provas nos dois dias de aplica\u00e7\u00e3o e queira solicitar isen\u00e7\u00e3o da taxa de R$85 deve justificar sua aus\u00eancia at\u00e9 o dia 17 de abril. O resultado dos pedidos ser\u00e1 divulgado em 24 de abril. Posteriormente, ser\u00e1 aberto prazo para apresenta\u00e7\u00e3o de recursos, entre 27 de abril e 1\u00ba de maio, e os resultados finais estar\u00e3o dispon\u00edveis em 7 de maio. As regras valem para a vers\u00e3o impressa e digital.<\/p>\n<p>Para todos os casos mencionados, o candidato dever\u00e1 possuir documentos que comprovem a situa\u00e7\u00e3o declarada, cabendo pena de responder por crime contra a f\u00e9 p\u00fablica, ressarcimento do valor da inscri\u00e7\u00e3o e elimina\u00e7\u00e3o do Exame para aqueles que n\u00e3o conseguirem demonstrar o enquadramento.<\/p>\n<p><strong>Inscri\u00e7\u00e3o <\/strong><\/p>\n<p>A aprova\u00e7\u00e3o da justificativa de aus\u00eancia no Enem 2019 e da solicita\u00e7\u00e3o de isen\u00e7\u00e3o da taxa de inscri\u00e7\u00e3o para o Enem 2020 n\u00e3o significa que a inscri\u00e7\u00e3o foi realizada. Portanto, os participantes dever\u00e3o acessar o Sistema Enem e se inscrever entre os dias 11 e 22 de maio. J\u00e1 o pagamento da taxa dever\u00e1 ser feito de 11 a 28 de maio. Confira o cronograma completo.<\/p>\n<p>A nota do Enem \u00e9 utilizada no Sistema de Sele\u00e7\u00e3o Unificada (Sisu) das universidades federais, na sele\u00e7\u00e3o de faculdades particulares e para os programas de apoio e financiamento estudantil, como o Prouni e o Fies. Na Universidade Federal de Juiz de Fora (UFJF) 50% das vagas de seus cursos s\u00e3o destinadas ao Sisu nos campi de Juiz de Fora e Governador Valadares.<\/p>\n<p>&nbsp;<\/li>\n<\/ul>\n<p>O participante que obteve a isen\u00e7\u00e3o da taxa de inscri\u00e7\u00e3o do Enem 2019, n\u00e3o compareceu \u00e0s provas nos dois dias de aplica\u00e7\u00e3o e queira solicitar isen\u00e7\u00e3o da taxa de R$85 deve justificar sua aus\u00eancia at\u00e9 o dia 17 de abril. O resultado dos pedidos ser\u00e1 divulgado em 24 de abril. Posteriormente, ser\u00e1 aberto prazo para apresenta\u00e7\u00e3o de recursos, entre 27 de abril e 1\u00ba de maio, e os resultados finais estar\u00e3o dispon\u00edveis em 7 de maio. As regras valem para a vers\u00e3o impressa e digital.<\/p>\n<p>Para todos os casos mencionados, o candidato dever\u00e1 possuir documentos que comprovem a situa\u00e7\u00e3o declarada, cabendo pena de responder por crime contra a f\u00e9 p\u00fablica, ressarcimento do valor da inscri\u00e7\u00e3o e elimina\u00e7\u00e3o do Exame para aqueles que n\u00e3o conseguirem demonstrar o enquadramento.<\/p>\n<p><strong>Inscri\u00e7\u00e3o <\/strong><\/p>\n<p>A aprova\u00e7\u00e3o da justificativa de aus\u00eancia no Enem 2019 e da solicita\u00e7\u00e3o de isen\u00e7\u00e3o da taxa de inscri\u00e7\u00e3o para o Enem 2020 n\u00e3o significa que a inscri\u00e7\u00e3o foi realizada. Portanto, os participantes dever\u00e3o acessar o Sistema Enem e se inscrever entre os dias 11 e 22 de maio. J\u00e1 o pagamento da taxa dever\u00e1 ser feito de 11 a 28 de maio. Confira o cronograma completo.<\/p>\n<p>A nota do Enem \u00e9 utilizada no Sistema de Sele\u00e7\u00e3o Unificada (Sisu) das universidades federais, na sele\u00e7\u00e3o de faculdades particulares e para os programas de apoio e financiamento estudantil, como o Prouni e o Fies. Na Universidade Federal de Juiz de Fora (UFJF) 50% das vagas de seus cursos s\u00e3o destinadas ao Sisu nos campi de Juiz de Fora e Governador Valadares.<\/p>\n<p>&nbsp;<\/p>\n<p><strong>Fonte:\u00a0<\/strong>Assessoria<\/p>\n","protected":false},"excerpt":{"rendered":"<p>O Instituto Nacional de Estudos e Pesquisas Educacionais An\u00edsio Teixeira (Inep) divulgou as regras para o Exame Nacional do Ensino M\u00e9dio (Enem) 2020. As provas est\u00e3o mantidas e a pandemia do coronav\u00edrus n\u00e3o deve alterar o cronograma, segundo o edital. O prazo para solicitar a isen\u00e7\u00e3o da taxa de inscri\u00e7\u00e3o j\u00e1 est\u00e1 aberto e vai [&hellip;]<\/p>\n","protected":false},"author":96,"featured_media":150323,"comment_status":"closed","ping_status":"closed","sticky":false,"template":"","format":"standard","meta":{"footnotes":""},"categories":[253,436,439],"tags":[],"class_list":["post-158065","post","type-post","status-publish","format-standard","has-post-thumbnail","hentry","category-cidade","category-destaque-da-semana","category-ultima-hora"],"_links":{"self":[{"href":"https:\/\/diarioregionaldigital.com.br\/index.php?rest_route=\/wp\/v2\/posts\/158065","targetHints":{"allow":["GET"]}}],"collection":[{"href":"https:\/\/diarioregionaldigital.com.br\/index.php?rest_route=\/wp\/v2\/posts"}],"about":[{"href":"https:\/\/diarioregionaldigital.com.br\/index.php?rest_route=\/wp\/v2\/types\/post"}],"author":[{"embeddable":true,"href":"https:\/\/diarioregionaldigital.com.br\/index.php?rest_route=\/wp\/v2\/users\/96"}],"replies":[{"embeddable":true,"href":"https:\/\/diarioregionaldigital.com.br\/index.php?rest_route=%2Fwp%2Fv2%2Fcomments&post=158065"}],"version-history":[{"count":0,"href":"https:\/\/diarioregionaldigital.com.br\/index.php?rest_route=\/wp\/v2\/posts\/158065\/revisions"}],"wp:featuredmedia":[{"embeddable":true,"href":"https:\/\/diarioregionaldigital.com.br\/index.php?rest_route=\/wp\/v2\/media\/150323"}],"wp:attachment":[{"href":"https:\/\/diarioregionaldigital.com.br\/index.php?rest_route=%2Fwp%2Fv2%2Fmedia&parent=158065"}],"wp:term":[{"taxonomy":"category","embeddable":true,"href":"https:\/\/diarioregionaldigital.com.br\/index.php?rest_route=%2Fwp%2Fv2%2Fcategories&post=158065"},{"taxonomy":"post_tag","embeddable":true,"href":"https:\/\/diarioregionaldigital.com.br\/index.php?rest_route=%2Fwp%2Fv2%2Ftags&post=158065"}],"curies":[{"name":"wp","href":"https:\/\/api.w.org\/{rel}","templated":true}]}}