{"id":158062,"date":"2020-04-07T19:26:01","date_gmt":"2020-04-07T22:26:01","guid":{"rendered":"https:\/\/diarioregionaldigital.com.br\/?p=158062"},"modified":"2020-04-07T19:26:01","modified_gmt":"2020-04-07T22:26:01","slug":"policia-civil-de-minas-gerais-e-procon-realizam-fiscalizacao-em-estabelecimentos-comerciais","status":"publish","type":"post","link":"https:\/\/diarioregionaldigital.com.br\/?p=158062","title":{"rendered":"Pol\u00edcia Civil de Minas Gerais e Procon realizam fiscaliza\u00e7\u00e3o em estabelecimentos comerciais"},"content":{"rendered":"<p>Visando combater a falsifica\u00e7\u00e3o do \u00e1lcool em gel e os pre\u00e7os abusivos de produtos essenciais para o combate ao Coronav\u00edrus, a Pol\u00edcia Civil do Estado de Minas Gerais (PCMG) e as unidades de Procon, realizam desde sexta-feira (3), fiscaliza\u00e7\u00e3o pelos estabelecimentos comerciais na Regi\u00e3o da Zona da Mata.<\/p>\n<p>De acordo com o Chefe de Departamento, Delegado-Geral Gustavo Ad\u00e9lio Lara Ferreira, at\u00e9 o momento, as iniciativas integradas ocorreram nessa ter\u00e7a-feira (7) nas cidades de Juiz de Fora, S\u00e3o Jo\u00e3o Nepomuceno, Leopoldina, Recreio, Carangola, Tombos e Vi\u00e7osa, bem como est\u00e3o em andamento no munic\u00edpio de Muria\u00e9. At\u00e9 ent\u00e3o n\u00e3o foi encontrada nenhuma irregularidade.<\/p>\n<p>Ainda conforme o Delegado, a\u00e7\u00f5es com essa finalidade ser\u00e3o realizadas em outros estabelecimentos. \u201cAs opera\u00e7\u00f5es continuam em andamento, no \u00e2mbito do 4\u00ba Departamento, inclusive em parcerias com outras institui\u00e7\u00f5es, com o intuito de inibir tais condutas e de gerar benef\u00edcios \u00e0 economia e \u00e0 sa\u00fade dos cidad\u00e3os\u201d.<\/p>\n<p>Policiais Civis estiveram presentes em estabelecimentos comerciais da regi\u00e3o leste de Juiz de Fora, bem como em farm\u00e1cias e supermercado da \u00e1rea central, com apoio de fiscais do Procon. Assim como agentes tamb\u00e9m atuaram em Carangola, junto com o Procon, em supermercados. Nestes locais, ocorreu a apresenta\u00e7\u00e3o de tabelas dos valores das mercadorias relativos aos \u00faltimos tr\u00eas meses e notas fiscais dos produtos que tiveram aumentos.<\/p>\n<p>Al\u00e9m disso, tamb\u00e9m ocorreu opera\u00e7\u00e3o da PCMG voltada para a fiscaliza\u00e7\u00e3o, com orienta\u00e7\u00f5es a propriet\u00e1rios de pontos de com\u00e9rcio de g\u00eaneros essenciais e de farm\u00e1cias em todo o munic\u00edpio de Tombos. Os propriet\u00e1rios receberam orienta\u00e7\u00f5es sobre a venda de produtos e de insumos destinados ao enfrentamento e \u00e0 ameniza\u00e7\u00e3o dos riscos e efeitos da pandemia do Covid-19. Foram catalogados pre\u00e7os de variados produtos, desde g\u00eaneros aliment\u00edcios a produtos farmac\u00eauticos, principalmente, \u00e1lcool em gel, m\u00e1scaras e luvas, por conta do aumento da procura dos itens pela sociedade, nesse per\u00edodo.<\/p>\n<p>&nbsp;<\/p>\n<p>&nbsp;<\/p>\n","protected":false},"excerpt":{"rendered":"<p>Visando combater a falsifica\u00e7\u00e3o do \u00e1lcool em gel e os pre\u00e7os abusivos de produtos essenciais para o combate ao Coronav\u00edrus, a Pol\u00edcia Civil do Estado de Minas Gerais (PCMG) e as unidades de Procon, realizam desde sexta-feira (3), fiscaliza\u00e7\u00e3o pelos estabelecimentos comerciais na Regi\u00e3o da Zona da Mata. De acordo com o Chefe de Departamento, [&hellip;]<\/p>\n","protected":false},"author":96,"featured_media":158063,"comment_status":"closed","ping_status":"closed","sticky":false,"template":"","format":"standard","meta":{"footnotes":""},"categories":[301,436,440,439],"tags":[],"class_list":["post-158062","post","type-post","status-publish","format-standard","has-post-thumbnail","hentry","category-artigos-policiais","category-destaque-da-semana","category-destaques-do-dia","category-ultima-hora"],"_links":{"self":[{"href":"https:\/\/diarioregionaldigital.com.br\/index.php?rest_route=\/wp\/v2\/posts\/158062","targetHints":{"allow":["GET"]}}],"collection":[{"href":"https:\/\/diarioregionaldigital.com.br\/index.php?rest_route=\/wp\/v2\/posts"}],"about":[{"href":"https:\/\/diarioregionaldigital.com.br\/index.php?rest_route=\/wp\/v2\/types\/post"}],"author":[{"embeddable":true,"href":"https:\/\/diarioregionaldigital.com.br\/index.php?rest_route=\/wp\/v2\/users\/96"}],"replies":[{"embeddable":true,"href":"https:\/\/diarioregionaldigital.com.br\/index.php?rest_route=%2Fwp%2Fv2%2Fcomments&post=158062"}],"version-history":[{"count":0,"href":"https:\/\/diarioregionaldigital.com.br\/index.php?rest_route=\/wp\/v2\/posts\/158062\/revisions"}],"wp:featuredmedia":[{"embeddable":true,"href":"https:\/\/diarioregionaldigital.com.br\/index.php?rest_route=\/wp\/v2\/media\/158063"}],"wp:attachment":[{"href":"https:\/\/diarioregionaldigital.com.br\/index.php?rest_route=%2Fwp%2Fv2%2Fmedia&parent=158062"}],"wp:term":[{"taxonomy":"category","embeddable":true,"href":"https:\/\/diarioregionaldigital.com.br\/index.php?rest_route=%2Fwp%2Fv2%2Fcategories&post=158062"},{"taxonomy":"post_tag","embeddable":true,"href":"https:\/\/diarioregionaldigital.com.br\/index.php?rest_route=%2Fwp%2Fv2%2Ftags&post=158062"}],"curies":[{"name":"wp","href":"https:\/\/api.w.org\/{rel}","templated":true}]}}