{"id":158053,"date":"2020-04-07T19:16:49","date_gmt":"2020-04-07T22:16:49","guid":{"rendered":"https:\/\/diarioregionaldigital.com.br\/?p=158053"},"modified":"2020-04-07T19:16:49","modified_gmt":"2020-04-07T22:16:49","slug":"senado-desenvolve-o-sistema-de-deliberacao-remota-em-tempo-recorde","status":"publish","type":"post","link":"https:\/\/diarioregionaldigital.com.br\/?p=158053","title":{"rendered":"Senado desenvolve o Sistema de Delibera\u00e7\u00e3o Remota em tempo recorde"},"content":{"rendered":"<p>O Sistema de Delibera\u00e7\u00e3o Remota (SDR), que vem sendo utilizado pelo Senado nas sess\u00f5es virtuais, \u00e9 resultado do trabalho da Secretaria-Geral da Mesa (SGM) em parceria com a Secretaria de Tecnologia da Informa\u00e7\u00e3o (Prodasen). As solu\u00e7\u00f5es que garantem a discuss\u00e3o e a vota\u00e7\u00e3o remota de mat\u00e9rias foram adotadas pela Casa para evitar aglomera\u00e7\u00f5es e, assim, impedir a contamina\u00e7\u00e3o do novo coronav\u00edrus, causador da covid-19.<\/p>\n<p>Diretor do Prodasen, Alessandro Albuquerque relata que, ap\u00f3s a Organiza\u00e7\u00e3o Mundial da Sa\u00fade (OMS) ter declarado pandemia do novo coronav\u00edrus, o secret\u00e1rio-geral da Mesa, Luiz Fernando Bandeira, solicitou, em 13 de mar\u00e7o, uma solu\u00e7\u00e3o que permitisse aos senadores discutir e votar mat\u00e9rias remotamente.<\/p>\n<p>Diante do desafio, a equipe de TI considerou inicialmente desenvolver ferramentas pr\u00f3prias de vota\u00e7\u00e3o ou adaptar o que j\u00e1 \u00e9 utilizado nas comiss\u00f5es. No entanto, n\u00e3o havia tempo para desenvolver internamente uma solu\u00e7\u00e3o que pudesse ser testada com calma e seguran\u00e7a, de acordo com Alessandro.<\/p>\n<p>\u201cA gente avaliou algumas ferramentas de videoconfer\u00eancia e viu que o Zoom atendia melhor a quest\u00e3o do controle de quem fala, de quem pode falar e para mostrar todos os parlamentares\u201d disse o diretor.<\/p>\n<p>Para garantir a seguran\u00e7a, segundo Alessandro, foi criada uma conta na rede do Prodasen para cada senador acessar o Zoom, evitando o uso do e-mail pessoal do Gmail ou do Hotmail, por exemplo.<\/p>\n<p>A solu\u00e7\u00e3o apresentada pelo Prodasen foi utilizada na sess\u00e3o do dia 20 de mar\u00e7o, quando o Senado aprovou o projeto de decreto legislativo (PDL 88\/2020) que reconhece o estado de calamidade p\u00fablica no pa\u00eds. Nessa sess\u00e3o, a vota\u00e7\u00e3o foi nominal \u2014\u00a0 cada senador foi chamado individualmente a declarar o voto.<\/p>\n<p><strong>Vota\u00e7\u00e3o<\/strong><\/p>\n<p>Com rela\u00e7\u00e3o ao programa usado na vota\u00e7\u00e3o, o Senado adquiriu uma extens\u00e3o do sistema de software e hardware da empresa Visual, sob gest\u00e3o da SGM, que j\u00e1 era utilizado no Plen\u00e1rio. O software tem !autentica\u00e7\u00e3o multifator&#8221; \u2014 para finalizar o voto, por exemplo, o senador deve tirar uma foto sua para mostrar que realmente \u00e9 ele quem est\u00e1 votando.<\/p>\n<p>A aplica\u00e7\u00e3o web que permite o voto virtual pode ser utilizada no celular e no desktop e foi adotada nas sess\u00f5es remotas seguintes, juntamente com o Zoom.<\/p>\n<p>\u201cN\u00e3o desenvolvemos nada do zero. A gente comp\u00f4s, com imagina\u00e7\u00e3o e com compet\u00eancia, solu\u00e7\u00f5es a partir das ferramentas j\u00e1 existentes\u201d disse Alessandro.<\/p>\n<p><strong>Tel\u00e3o<\/strong><\/p>\n<p>As sess\u00f5es virtuais t\u00eam sido presididas do Centro de Opera\u00e7\u00e3o de Rede (Network Operation Center, em ingl\u00eas, ou NOC) do Prodasen. Alessandro explica por que a escolha do local \u00e9 importante.<\/p>\n<p>\u201cAli a gente sabe onde caiu a rede, qual sistema est\u00e1 fora, qual impressora parou, se est\u00e1 havendo ataques cibern\u00e9ticos, se os links de internet est\u00e3o sobrecarregados, se o <em>storage<\/em> est\u00e1 muito ocupado, se alguma provid\u00eancia precisa ser tomada. Ali a energia el\u00e9trica n\u00e3o cai porque tem <em>nobreak<\/em>, geradores e baterias. Outro fator importante \u00e9 o v\u00eddeo<em> wall<\/em>, que d\u00e1 uma amplitude muito boa de quem est\u00e1 participando da sess\u00e3o\u201d.<\/p>\n<p>O diretor avalia que as vota\u00e7\u00f5es t\u00eam sido realizadas de forma satisfat\u00f3ria. Mesmo assim, acrescenta ele, o Prodasen continua monitorando as ferramentas em uso para avaliar se est\u00e3o realmente est\u00e1veis porque as escolhas foram feitas de forma muito r\u00e1pida.<\/p>\n<p>&nbsp;<\/p>\n<p><strong>Fonte:\u00a0<\/strong>Ag\u00eancia Senado<\/p>\n","protected":false},"excerpt":{"rendered":"<p>O Sistema de Delibera\u00e7\u00e3o Remota (SDR), que vem sendo utilizado pelo Senado nas sess\u00f5es virtuais, \u00e9 resultado do trabalho da Secretaria-Geral da Mesa (SGM) em parceria com a Secretaria de Tecnologia da Informa\u00e7\u00e3o (Prodasen). As solu\u00e7\u00f5es que garantem a discuss\u00e3o e a vota\u00e7\u00e3o remota de mat\u00e9rias foram adotadas pela Casa para evitar aglomera\u00e7\u00f5es e, assim, [&hellip;]<\/p>\n","protected":false},"author":96,"featured_media":157044,"comment_status":"closed","ping_status":"closed","sticky":false,"template":"","format":"standard","meta":{"footnotes":""},"categories":[436,254,439],"tags":[],"class_list":["post-158053","post","type-post","status-publish","format-standard","has-post-thumbnail","hentry","category-destaque-da-semana","category-politica","category-ultima-hora"],"_links":{"self":[{"href":"https:\/\/diarioregionaldigital.com.br\/index.php?rest_route=\/wp\/v2\/posts\/158053","targetHints":{"allow":["GET"]}}],"collection":[{"href":"https:\/\/diarioregionaldigital.com.br\/index.php?rest_route=\/wp\/v2\/posts"}],"about":[{"href":"https:\/\/diarioregionaldigital.com.br\/index.php?rest_route=\/wp\/v2\/types\/post"}],"author":[{"embeddable":true,"href":"https:\/\/diarioregionaldigital.com.br\/index.php?rest_route=\/wp\/v2\/users\/96"}],"replies":[{"embeddable":true,"href":"https:\/\/diarioregionaldigital.com.br\/index.php?rest_route=%2Fwp%2Fv2%2Fcomments&post=158053"}],"version-history":[{"count":0,"href":"https:\/\/diarioregionaldigital.com.br\/index.php?rest_route=\/wp\/v2\/posts\/158053\/revisions"}],"wp:featuredmedia":[{"embeddable":true,"href":"https:\/\/diarioregionaldigital.com.br\/index.php?rest_route=\/wp\/v2\/media\/157044"}],"wp:attachment":[{"href":"https:\/\/diarioregionaldigital.com.br\/index.php?rest_route=%2Fwp%2Fv2%2Fmedia&parent=158053"}],"wp:term":[{"taxonomy":"category","embeddable":true,"href":"https:\/\/diarioregionaldigital.com.br\/index.php?rest_route=%2Fwp%2Fv2%2Fcategories&post=158053"},{"taxonomy":"post_tag","embeddable":true,"href":"https:\/\/diarioregionaldigital.com.br\/index.php?rest_route=%2Fwp%2Fv2%2Ftags&post=158053"}],"curies":[{"name":"wp","href":"https:\/\/api.w.org\/{rel}","templated":true}]}}