{"id":158049,"date":"2020-04-07T19:13:06","date_gmt":"2020-04-07T22:13:06","guid":{"rendered":"https:\/\/diarioregionaldigital.com.br\/?p=158049"},"modified":"2020-04-07T19:13:06","modified_gmt":"2020-04-07T22:13:06","slug":"doacoes-para-equipar-hospitais-da-ufmg-ultrapassam-r-379-mil","status":"publish","type":"post","link":"https:\/\/diarioregionaldigital.com.br\/?p=158049","title":{"rendered":"Doa\u00e7\u00f5es para equipar hospitais da UFMG ultrapassam R$ 379 mil"},"content":{"rendered":"<p>Duas semanas ap\u00f3s criar uma campanha de financiamento coletivo para arrecadar dinheiro para comprar rem\u00e9dios, insumos, equipamentos e para contratar servi\u00e7os hospitalares destinados a refor\u00e7ar o atendimento a pacientes infectados pelo novo coronav\u00edrus (Covid-19) e por outras s\u00edndromes respirat\u00f3rias agudas, a Universidade Federal de Minas Gerais (UFMG) j\u00e1 recebeu R$ 379,6 mil em doa\u00e7\u00f5es.<\/p>\n<p>Todo o dinheiro que a universidade receber por meio da campanha Colabore Com Os Hospitais da UFMG ser\u00e1 usado para ajudar a equipar o Hospital das Cl\u00ednicas, al\u00e9m do Hospital Risoleta Tolentino Neves e a Unidade de Pronto Atendimento Centro Sul, localizados em Belo Horizonte.<\/p>\n<p>O valor j\u00e1 arrecadado est\u00e1 longe da meta inicial dos idealizadores da campanha, que esperam receber em torno de R$ 5 milh\u00f5es em dinheiro e produtos. Mesmo assim, a solidariedade das 1.343 pessoas f\u00edsicas e jur\u00eddicas que j\u00e1 contribu\u00edram com a iniciativa j\u00e1 come\u00e7a a beneficiar os pacientes e servidores das unidades de sa\u00fade.<\/p>\n<p>Parte dos produtos j\u00e1 adquiridos com uma parcela do dinheiro recebido come\u00e7a a ser distribu\u00edda nessa ter\u00e7a-feira (7) para os tr\u00eas hospitais. S\u00e3o lotes de sabonete, \u00e1lcool em gel, desinfetante, luvas, m\u00e1scaras e \u00f3culos de seguran\u00e7a, al\u00e9m de equipamentos de nebuliza\u00e7\u00e3o e pe\u00e7as de ventiladores pulmonares. Outra parte da compra de cerca de R$ 231 mil deve ser entregue nos pr\u00f3ximos dias 13 e 14.<\/p>\n<p>Segundo a assessoria da UFMG, os produtos j\u00e1 comprados ser\u00e3o distribu\u00eddos na ordem de R$ 135 mil para o Hospital Risoleta Neves; R$ 60 mil para o Hospital das Cl\u00ednicas e R$ 36 mil para a UPA Centro Sul.<\/p>\n<p>Os recursos s\u00e3o gerenciados pela Funda\u00e7\u00e3o de Desenvolvimento da Pesquisa (Fundep), encarregada de adquirir os insumos e equipamentos dentro e fora do Brasil, a partir da determina\u00e7\u00e3o da equipe gestora da campanha, que decide o que comprar com base nos pedidos dos respons\u00e1veis pelos hospitais e pela UPA, levando em conta que quanto maior o volume de produtos comprados de uma \u00fanica vez, maiores as chances de negociar pre\u00e7os mais baratos.<\/p>\n<p>Os respons\u00e1veis pela campanha afirmam que com apenas R$ 100 conseguem equipar um m\u00e9dico com m\u00e1scaras, luvas, touca, avental e \u00f3culos de seguran\u00e7a. A partir deste c\u00e1lculo, asseguram que, com R$ 100 mil reais, podem fornecer o equipamento de prote\u00e7\u00e3o necess\u00e1rio para mil m\u00e9dicos atenderem a cerca de 50 mil pessoas. E com R$ 500 mil reais \u00e9 poss\u00edvel comprar 165 mil equipamentos m\u00e9dicos-hospitalares como cateteres e bombas de infus\u00e3o.<\/p>\n<p>De acordo com a assessoria da UFMG, os estoques de medicamentos e equipamentos das tr\u00eas unidades de sa\u00fade v\u00eam registrando uma \u201cqueda expressiva\u201d devido ao aumento de atendimentos, incluindo de casos confirmados e suspeitos da Covid-19. Para al\u00e9m da doen\u00e7a que j\u00e1 matou 553 pessoas no Brasil, os hospitais da Cl\u00ednicas, Risoleta Neves e a UPA Centro Sul, juntos, j\u00e1 realizavam a mais de 3 milh\u00f5es de atendimentos por ano, o que significava cerca de 1,2 milh\u00e3o de pacientes\/ano.<\/p>\n<p>A campanha tamb\u00e9m estimulou algumas pessoas a doarem equipamentos hospitalares, como as tr\u00eas macas entregues por uma colaboradora. Outras pessoas contribu\u00edram oferecendo cursos de capacita\u00e7\u00e3o para a confec\u00e7\u00e3o de m\u00e1scaras cir\u00fargicas e de prote\u00e7\u00e3o. Servidores da Assembleia Legislativa de Minas Gerais organizaram seu pr\u00f3prio movimento de arrecada\u00e7\u00e3o de dinheiro para a campanha e um ex-aluno da UFMG usou de seus contatos para intermediar a doa\u00e7\u00e3o de 3 mil litros de \u00e1lcool que ser\u00e3o transformados em \u00e1lcool em gel.<\/p>\n<p>&nbsp;<\/p>\n<p><strong>Fonte:\u00a0<\/strong>Ag\u00eancia Brasil<\/p>\n","protected":false},"excerpt":{"rendered":"<p>Duas semanas ap\u00f3s criar uma campanha de financiamento coletivo para arrecadar dinheiro para comprar rem\u00e9dios, insumos, equipamentos e para contratar servi\u00e7os hospitalares destinados a refor\u00e7ar o atendimento a pacientes infectados pelo novo coronav\u00edrus (Covid-19) e por outras s\u00edndromes respirat\u00f3rias agudas, a Universidade Federal de Minas Gerais (UFMG) j\u00e1 recebeu R$ 379,6 mil em doa\u00e7\u00f5es. Todo [&hellip;]<\/p>\n","protected":false},"author":96,"featured_media":158051,"comment_status":"closed","ping_status":"closed","sticky":false,"template":"","format":"standard","meta":{"footnotes":""},"categories":[436,254,439],"tags":[],"class_list":["post-158049","post","type-post","status-publish","format-standard","has-post-thumbnail","hentry","category-destaque-da-semana","category-politica","category-ultima-hora"],"_links":{"self":[{"href":"https:\/\/diarioregionaldigital.com.br\/index.php?rest_route=\/wp\/v2\/posts\/158049","targetHints":{"allow":["GET"]}}],"collection":[{"href":"https:\/\/diarioregionaldigital.com.br\/index.php?rest_route=\/wp\/v2\/posts"}],"about":[{"href":"https:\/\/diarioregionaldigital.com.br\/index.php?rest_route=\/wp\/v2\/types\/post"}],"author":[{"embeddable":true,"href":"https:\/\/diarioregionaldigital.com.br\/index.php?rest_route=\/wp\/v2\/users\/96"}],"replies":[{"embeddable":true,"href":"https:\/\/diarioregionaldigital.com.br\/index.php?rest_route=%2Fwp%2Fv2%2Fcomments&post=158049"}],"version-history":[{"count":0,"href":"https:\/\/diarioregionaldigital.com.br\/index.php?rest_route=\/wp\/v2\/posts\/158049\/revisions"}],"wp:featuredmedia":[{"embeddable":true,"href":"https:\/\/diarioregionaldigital.com.br\/index.php?rest_route=\/wp\/v2\/media\/158051"}],"wp:attachment":[{"href":"https:\/\/diarioregionaldigital.com.br\/index.php?rest_route=%2Fwp%2Fv2%2Fmedia&parent=158049"}],"wp:term":[{"taxonomy":"category","embeddable":true,"href":"https:\/\/diarioregionaldigital.com.br\/index.php?rest_route=%2Fwp%2Fv2%2Fcategories&post=158049"},{"taxonomy":"post_tag","embeddable":true,"href":"https:\/\/diarioregionaldigital.com.br\/index.php?rest_route=%2Fwp%2Fv2%2Ftags&post=158049"}],"curies":[{"name":"wp","href":"https:\/\/api.w.org\/{rel}","templated":true}]}}