{"id":158046,"date":"2020-04-07T17:43:37","date_gmt":"2020-04-07T20:43:37","guid":{"rendered":"https:\/\/diarioregionaldigital.com.br\/?p=158046"},"modified":"2020-04-07T17:43:37","modified_gmt":"2020-04-07T20:43:37","slug":"coronavirus-juiz-de-fora-tem-49-casos-confirmados","status":"publish","type":"post","link":"https:\/\/diarioregionaldigital.com.br\/?p=158046","title":{"rendered":"Coronav\u00edrus: Juiz de Fora tem 49 casos confirmados"},"content":{"rendered":"<p>A Secretaria de Sa\u00fade (SS) da Prefeitura de Juiz de Fora (PJF), divulgou nesta ter\u00e7a-feira (7) o boletim atualizado referente \u00e0 epidemia do Coronav\u00edrus e segundo os dados, Juiz de Fora tem 49 casos confirmados da doen\u00e7a. Ao todo 1.030 s\u00e3o considerados suspeitos, 4 \u00f3bitos est\u00e3o sob investiga\u00e7\u00e3o e at\u00e9 ent\u00e3o n\u00e3o h\u00e1 morte confirmada.<\/p>\n<p>Pelo estado de Minas Gerais\u00a0os casos confirmados s\u00e3o em: Alfenas (1),\u00a0Araguari (2),<b>\u00a0Arcos (2),\u00a0<\/b>Barbacena (1),<b>\u00a0Belo Horizonte (270)<\/b>,\u00a0Betim (6),\u00a0<strong>Boa Esperan\u00e7a (2),<\/strong>\u00a0Bom Despacho (1),\u00a0<strong>Botelhos (1),<\/strong>\u00a0Cambu\u00ed (1),Campo Belo (1)<b>,<\/b>\u00a0Campos Altos (1), Capit\u00f3lio (1),Carmo da Cachoeira (1),\u00a0Carmo do Cajuru (1),\u00a0Centralina (1),\u00a0Contagem (13),\u00a0<strong>Coronel Fabriciano (2),<\/strong>\u00a0Diniv\u00e9sia (1),\u00a0Divin\u00f3polis (15),\u00a0Esmeraldas (1),\u00a0Extrema (1)<b>, Frutal (1),\u00a0<\/b><strong>Governador Valadares (3)<\/strong>, Guimar\u00e2nia (1),\u00a0<strong>Ipatinga (2)<\/strong>,\u00a0Itabira (1),Jana\u00faba (2), Jeceaba (1),\u00a0<b>Juiz de Fora (42)<\/b>,\u00a0<strong>Lagoa da Prata (11)<\/strong>,\u00a0Lavras (3),\u00a0Machado (1),\u00a0Manhua\u00e7u (1)<b>,\u00a0<\/b>Mariana (2),\u00a0Matozinhos (1), Montes Claros (\u00f3bito confirmado), Muria\u00e9 (4),\u00a0<strong>Nanuque (2),\u00a0<\/strong>Nova Lima (37),\u00a0Ouro Fino (\u00f3bito confirmado), Paracatu (1), Parais\u00f3polis (1), Patos de Minas (4), Patroc\u00ednio (5),\u00a0<strong>Plumhi (1),<\/strong>\u00a0Po\u00e7os de Caldas (2),<b>\u00a0Pouso Alegre (7), Ribeir\u00e3o das Neves (2),<\/b>\u00a0<strong>Sabar\u00e1 (5),<\/strong>\u00a0Santa Luzia (1), Santana do Para\u00edso (1), Santo Ant\u00f4nio do Monte (2), S\u00e3o Jo\u00e3o Del Rei (3),Sarzedo (1), Senador Amaral (1),Serra do Saltire (1),Sete Lagoas (3),\u00a0<b>Tim\u00f3teo (4),<\/b>\u00a0Toledo (1), Ub\u00e1 (1),\u00a0Uberaba (11),\u00a0Uberl\u00e2ndia (33),\u00a0Una\u00ed (1),\u00a0Varginha (4)\u00a0e outros munic\u00edpios em investiga\u00e7\u00e3o (10).<\/p>\n","protected":false},"excerpt":{"rendered":"<p>A Secretaria de Sa\u00fade (SS) da Prefeitura de Juiz de Fora (PJF), divulgou nesta ter\u00e7a-feira (7) o boletim atualizado referente \u00e0 epidemia do Coronav\u00edrus e segundo os dados, Juiz de Fora tem 49 casos confirmados da doen\u00e7a. Ao todo 1.030 s\u00e3o considerados suspeitos, 4 \u00f3bitos est\u00e3o sob investiga\u00e7\u00e3o e at\u00e9 ent\u00e3o n\u00e3o h\u00e1 morte confirmada. [&hellip;]<\/p>\n","protected":false},"author":96,"featured_media":157303,"comment_status":"closed","ping_status":"closed","sticky":false,"template":"","format":"standard","meta":{"footnotes":""},"categories":[253,436,440,439],"tags":[],"class_list":["post-158046","post","type-post","status-publish","format-standard","has-post-thumbnail","hentry","category-cidade","category-destaque-da-semana","category-destaques-do-dia","category-ultima-hora"],"_links":{"self":[{"href":"https:\/\/diarioregionaldigital.com.br\/index.php?rest_route=\/wp\/v2\/posts\/158046","targetHints":{"allow":["GET"]}}],"collection":[{"href":"https:\/\/diarioregionaldigital.com.br\/index.php?rest_route=\/wp\/v2\/posts"}],"about":[{"href":"https:\/\/diarioregionaldigital.com.br\/index.php?rest_route=\/wp\/v2\/types\/post"}],"author":[{"embeddable":true,"href":"https:\/\/diarioregionaldigital.com.br\/index.php?rest_route=\/wp\/v2\/users\/96"}],"replies":[{"embeddable":true,"href":"https:\/\/diarioregionaldigital.com.br\/index.php?rest_route=%2Fwp%2Fv2%2Fcomments&post=158046"}],"version-history":[{"count":0,"href":"https:\/\/diarioregionaldigital.com.br\/index.php?rest_route=\/wp\/v2\/posts\/158046\/revisions"}],"wp:featuredmedia":[{"embeddable":true,"href":"https:\/\/diarioregionaldigital.com.br\/index.php?rest_route=\/wp\/v2\/media\/157303"}],"wp:attachment":[{"href":"https:\/\/diarioregionaldigital.com.br\/index.php?rest_route=%2Fwp%2Fv2%2Fmedia&parent=158046"}],"wp:term":[{"taxonomy":"category","embeddable":true,"href":"https:\/\/diarioregionaldigital.com.br\/index.php?rest_route=%2Fwp%2Fv2%2Fcategories&post=158046"},{"taxonomy":"post_tag","embeddable":true,"href":"https:\/\/diarioregionaldigital.com.br\/index.php?rest_route=%2Fwp%2Fv2%2Ftags&post=158046"}],"curies":[{"name":"wp","href":"https:\/\/api.w.org\/{rel}","templated":true}]}}