{"id":158036,"date":"2020-04-07T16:12:40","date_gmt":"2020-04-07T19:12:40","guid":{"rendered":"https:\/\/diarioregionaldigital.com.br\/?p=158036"},"modified":"2020-04-07T16:12:40","modified_gmt":"2020-04-07T19:12:40","slug":"franca-e-4o-pais-a-ultrapassar-marca-de-10-mil-mortes-por-coronavirus","status":"publish","type":"post","link":"https:\/\/diarioregionaldigital.com.br\/?p=158036","title":{"rendered":"Fran\u00e7a \u00e9 4\u00ba pa\u00eds a ultrapassar marca de 10 mil mortes por coronav\u00edrus"},"content":{"rendered":"<p>A Fran\u00e7a registrou, oficialmente, mais de 10 mil mortes por infec\u00e7\u00f5es em decorr\u00eancia do coronav\u00edrus nesta ter\u00e7a-feira (7), tornando-se o quarto pa\u00eds a ultrapassar esse marca depois da It\u00e1lia, Espanha e Estados Unidos, enquanto a taxa de crescimento das mortes avan\u00e7ou pelo segundo dia consecutivo.<\/p>\n<p>Durante uma entrevista coletiva, Jerome Salomon, chefe da autoridade de sa\u00fade p\u00fablica, disse que o n\u00famero de pessoas que morreram da doen\u00e7a nos hospitais franceses aumentou 9% em um dia, para um total acumulado de 7.091, contra 10% na segunda-feira.<\/p>\n<p>Mas ele acrescentou que, incluindo dados parciais sobre o n\u00famero de pessoas que morreram em casas de repouso, o n\u00famero total de mortes pela doen\u00e7a subiu para 10.328, ante 8.911 registrados na segunda-feira, em um aumento de 16%, contra 10% na segunda e 7% no domingo.<\/p>\n<p>&nbsp;<\/p>\n<p><strong>Fonte:\u00a0<\/strong>Ag\u00eancia Brasil<\/p>\n","protected":false},"excerpt":{"rendered":"<p>A Fran\u00e7a registrou, oficialmente, mais de 10 mil mortes por infec\u00e7\u00f5es em decorr\u00eancia do coronav\u00edrus nesta ter\u00e7a-feira (7), tornando-se o quarto pa\u00eds a ultrapassar esse marca depois da It\u00e1lia, Espanha e Estados Unidos, enquanto a taxa de crescimento das mortes avan\u00e7ou pelo segundo dia consecutivo. Durante uma entrevista coletiva, Jerome Salomon, chefe da autoridade de [&hellip;]<\/p>\n","protected":false},"author":96,"featured_media":158039,"comment_status":"closed","ping_status":"closed","sticky":false,"template":"","format":"standard","meta":{"footnotes":""},"categories":[302,436,439],"tags":[],"class_list":["post-158036","post","type-post","status-publish","format-standard","has-post-thumbnail","hentry","category-brasil-mundo","category-destaque-da-semana","category-ultima-hora"],"_links":{"self":[{"href":"https:\/\/diarioregionaldigital.com.br\/index.php?rest_route=\/wp\/v2\/posts\/158036","targetHints":{"allow":["GET"]}}],"collection":[{"href":"https:\/\/diarioregionaldigital.com.br\/index.php?rest_route=\/wp\/v2\/posts"}],"about":[{"href":"https:\/\/diarioregionaldigital.com.br\/index.php?rest_route=\/wp\/v2\/types\/post"}],"author":[{"embeddable":true,"href":"https:\/\/diarioregionaldigital.com.br\/index.php?rest_route=\/wp\/v2\/users\/96"}],"replies":[{"embeddable":true,"href":"https:\/\/diarioregionaldigital.com.br\/index.php?rest_route=%2Fwp%2Fv2%2Fcomments&post=158036"}],"version-history":[{"count":0,"href":"https:\/\/diarioregionaldigital.com.br\/index.php?rest_route=\/wp\/v2\/posts\/158036\/revisions"}],"wp:featuredmedia":[{"embeddable":true,"href":"https:\/\/diarioregionaldigital.com.br\/index.php?rest_route=\/wp\/v2\/media\/158039"}],"wp:attachment":[{"href":"https:\/\/diarioregionaldigital.com.br\/index.php?rest_route=%2Fwp%2Fv2%2Fmedia&parent=158036"}],"wp:term":[{"taxonomy":"category","embeddable":true,"href":"https:\/\/diarioregionaldigital.com.br\/index.php?rest_route=%2Fwp%2Fv2%2Fcategories&post=158036"},{"taxonomy":"post_tag","embeddable":true,"href":"https:\/\/diarioregionaldigital.com.br\/index.php?rest_route=%2Fwp%2Fv2%2Ftags&post=158036"}],"curies":[{"name":"wp","href":"https:\/\/api.w.org\/{rel}","templated":true}]}}