{"id":158033,"date":"2020-04-07T14:54:06","date_gmt":"2020-04-07T17:54:06","guid":{"rendered":"https:\/\/diarioregionaldigital.com.br\/?p=158033"},"modified":"2020-04-07T14:54:06","modified_gmt":"2020-04-07T17:54:06","slug":"premie-britanico-segue-estavel-e-de-bom-humor-diz-porta-voz","status":"publish","type":"post","link":"https:\/\/diarioregionaldigital.com.br\/?p=158033","title":{"rendered":"Premi\u00ea brit\u00e2nico segue est\u00e1vel e de bom humor, diz porta-voz"},"content":{"rendered":"<p>O primeiro-ministro brit\u00e2nico, Boris Johnson, permaneceu est\u00e1vel durante a noite e em terapia intensiva ap\u00f3s os sintomas de covid-19 se agravarem, mas continua de bom humor, afirmou seu porta-voz nesta ter\u00e7a-feira (7).<\/p>\n<p>O porta-voz informou \u00e0 imprensa\u00a0que o premi\u00ea, que est\u00e1 internado desde domingo (5), recebe tratamento padr\u00e3o de oxig\u00eanio e respira sem nenhuma outra assist\u00eancia, acrescentando que Johnson n\u00e3o precisa de ventilador mec\u00e2nico.<\/p>\n<p>&#8220;O primeiro-ministro permaneceu est\u00e1vel da noite para o dia e continua de bom humor. Ele est\u00e1 recebendo tratamento padr\u00e3o de oxig\u00eanio e respira\u00e7\u00e3o sem qualquer outra assist\u00eancia. Ele n\u00e3o precisou de ventila\u00e7\u00e3o mec\u00e2nica ou suporte respirat\u00f3rio n\u00e3o invasivo&#8221;, disse o porta-voz.<\/p>\n<p>&nbsp;<\/p>\n<p><strong>Fonte:\u00a0<\/strong>Ag\u00eancia Brasil<\/p>\n","protected":false},"excerpt":{"rendered":"<p>O primeiro-ministro brit\u00e2nico, Boris Johnson, permaneceu est\u00e1vel durante a noite e em terapia intensiva ap\u00f3s os sintomas de covid-19 se agravarem, mas continua de bom humor, afirmou seu porta-voz nesta ter\u00e7a-feira (7). O porta-voz informou \u00e0 imprensa\u00a0que o premi\u00ea, que est\u00e1 internado desde domingo (5), recebe tratamento padr\u00e3o de oxig\u00eanio e respira sem nenhuma outra [&hellip;]<\/p>\n","protected":false},"author":96,"featured_media":158034,"comment_status":"closed","ping_status":"closed","sticky":false,"template":"","format":"standard","meta":{"footnotes":""},"categories":[302,436,439],"tags":[],"class_list":["post-158033","post","type-post","status-publish","format-standard","has-post-thumbnail","hentry","category-brasil-mundo","category-destaque-da-semana","category-ultima-hora"],"_links":{"self":[{"href":"https:\/\/diarioregionaldigital.com.br\/index.php?rest_route=\/wp\/v2\/posts\/158033","targetHints":{"allow":["GET"]}}],"collection":[{"href":"https:\/\/diarioregionaldigital.com.br\/index.php?rest_route=\/wp\/v2\/posts"}],"about":[{"href":"https:\/\/diarioregionaldigital.com.br\/index.php?rest_route=\/wp\/v2\/types\/post"}],"author":[{"embeddable":true,"href":"https:\/\/diarioregionaldigital.com.br\/index.php?rest_route=\/wp\/v2\/users\/96"}],"replies":[{"embeddable":true,"href":"https:\/\/diarioregionaldigital.com.br\/index.php?rest_route=%2Fwp%2Fv2%2Fcomments&post=158033"}],"version-history":[{"count":0,"href":"https:\/\/diarioregionaldigital.com.br\/index.php?rest_route=\/wp\/v2\/posts\/158033\/revisions"}],"wp:featuredmedia":[{"embeddable":true,"href":"https:\/\/diarioregionaldigital.com.br\/index.php?rest_route=\/wp\/v2\/media\/158034"}],"wp:attachment":[{"href":"https:\/\/diarioregionaldigital.com.br\/index.php?rest_route=%2Fwp%2Fv2%2Fmedia&parent=158033"}],"wp:term":[{"taxonomy":"category","embeddable":true,"href":"https:\/\/diarioregionaldigital.com.br\/index.php?rest_route=%2Fwp%2Fv2%2Fcategories&post=158033"},{"taxonomy":"post_tag","embeddable":true,"href":"https:\/\/diarioregionaldigital.com.br\/index.php?rest_route=%2Fwp%2Fv2%2Ftags&post=158033"}],"curies":[{"name":"wp","href":"https:\/\/api.w.org\/{rel}","templated":true}]}}