{"id":158030,"date":"2020-04-07T14:50:50","date_gmt":"2020-04-07T17:50:50","guid":{"rendered":"https:\/\/diarioregionaldigital.com.br\/?p=158030"},"modified":"2020-04-07T14:50:50","modified_gmt":"2020-04-07T17:50:50","slug":"costa-fascinosa-tem-40-casos-suspeitos-de-covid-19","status":"publish","type":"post","link":"https:\/\/diarioregionaldigital.com.br\/?p=158030","title":{"rendered":"Costa Fascinosa tem 40 casos suspeitos de covid-19"},"content":{"rendered":"<p>Pelo menos 40 pessoas que est\u00e3o a bordo do navio Costa Fascinosa, atracado no Porto de Santos, est\u00e3o com suspeita de covid-19, segundo informa\u00e7\u00f5es da Ag\u00eancia Nacional de Vigil\u00e2ncia Sanit\u00e1ria (Anvisa). At\u00e9 o dia 1\u00ba, oito delas ainda n\u00e3o tinham apresentado sintomas. No domingo (5), surgiram dois novos casos suspeitos. Com isso, a contagem de 14 dias para a quarentena na embarca\u00e7\u00e3o recome\u00e7ou e segue at\u00e9 o dia\u00a019 de abril.<\/p>\n<p>De acordo com a Anvisa, um m\u00e9dico embarcar\u00e1 no navio at\u00e9 amanh\u00e3 (8), depois de um dos m\u00e9dicos que estava embarcado\u00a0ter\u00a0descido devido a um mal-estar que, em\u00a0princ\u00edpio foi diagnosticado como infarto. Ainda n\u00e3o h\u00e1 diagn\u00f3stico conclusivo, mas suspeita-se de que ele tenha contra\u00eddo o coronav\u00edrus. \u201cCom um novo m\u00e9dico, a equipe de bordo voltar\u00e1 a\u00a0ter\u00a0quatro enfermeiros e dois m\u00e9dicos para fazer o\u00a0atendimento\u00a0dos tripulantes\u201d, diz a Anvisa.<\/p>\n<p>Na manh\u00e3 de ontem, a Anvisa autorizou que o Costa Fascinosa se deslocasse para a barra do Porto de Santos, para a realiza\u00e7\u00e3o de manuten\u00e7\u00e3o obrigat\u00f3ria, exigida pelas autoridades portu\u00e1rias e a Marinha. A embarca\u00e7\u00e3o deve voltar na noite de\u00a0hoje\u00a0ou amanh\u00e3 de manh\u00e3 para o atracadouro.<\/p>\n<p>Atualmente, o navio tem 670 tripulantes a bordo. No \u00faltimo dia 5, 75 brasileiros que trabalhavam a bordo deixaram a embarca\u00e7\u00e3o ap\u00f3s seus testes para covid-19 darem negativo e terem autoriza\u00e7\u00e3o da Ag\u00eancia Nacional de Vigil\u00e2ncia Sanit\u00e1ria para o desembarque. Eles foram levados diretamente para o aeroporto.<\/p>\n<p>A Anvisa j\u00e1 fez duas inspe\u00e7\u00f5es sanit\u00e1rias na embarca\u00e7\u00e3o para verificar se todas as recomenda\u00e7\u00f5es estavam sendo seguidas.<\/p>\n<p>A Costa Cruzeiros informou, em nota, que est\u00e1 atuando em coopera\u00e7\u00e3o com os canais diplom\u00e1ticos, a Anvisa e companhias a\u00e9reas para planejar o desembarque dos passageiros\u00a0de forma segura do navio Costa Fascinosa.<\/p>\n<p>&#8220;A companhia est\u00e1 trabalhando para garantir aos tripulantes\u00a0o retorno aos seus destinos de origem. Todos os procedimentos de higiene e saneamento est\u00e3o de acordo com as \u00faltimas diretrizes internacionais e visam a preservar a sa\u00fade de todos. A condi\u00e7\u00e3o de sa\u00fade est\u00e1 constantemente sendo monitorada pelo pessoal m\u00e9dico a bordo, em colabora\u00e7\u00e3o com as autoridades sanit\u00e1rias brasileiras\u201d, diz a empresa respons\u00e1vel pelo navio.<\/p>\n<p><strong>Movimenta\u00e7\u00e3o de cruzeiros no Porto de Santos<\/strong><\/p>\n<p>Desde\u00a0ontem, a Anvisa\u00a0acompanha\u00a0a atraca\u00e7\u00e3o de outros navios de turismo que estavam na \u00e1rea de fundeio do porto. Os navios j\u00e1 estavam parados desde o meio\u00a0de mar\u00e7o, per\u00edodo em que os cruzeiros mar\u00edtimos foram encerrados em fun\u00e7\u00e3o da pandemia de covid-19.<\/p>\n<p>S\u00e3o tr\u00eas transatl\u00e2nticos sem opera\u00e7\u00e3o no Porto de Santos, nenhum deles com casos de covid-19 a bordo: MSC Seaview, MSC Poesia e o MSC M\u00fasica. Os tripulantes est\u00e3o desembarcando de acordo com o hor\u00e1rio de voo de retorno ao pa\u00eds de origem, j\u00e1 que eles devem seguir direto para o aeroporto.<\/p>\n<p>No dia 2, 54 tripulantes do navio de bandeira australiana Scenic Eclipse desembarcaram, ap\u00f3s a comprova\u00e7\u00e3o de que n\u00e3o havia casos do covid-19 entre os embarcados. O\u00a0navio estava h\u00e1 26 dias sem parar em nenhum porto. Antes da autoriza\u00e7\u00e3o, a Anvisa analisou os dados de sa\u00fade a bordo e as informa\u00e7\u00f5es da equipe m\u00e9dica que acompanhava a viagem.<\/p>\n<p>&nbsp;<\/p>\n<p><strong>Fonte:\u00a0<\/strong>Ag\u00eancia Brasil<\/p>\n","protected":false},"excerpt":{"rendered":"<p>Pelo menos 40 pessoas que est\u00e3o a bordo do navio Costa Fascinosa, atracado no Porto de Santos, est\u00e3o com suspeita de covid-19, segundo informa\u00e7\u00f5es da Ag\u00eancia Nacional de Vigil\u00e2ncia Sanit\u00e1ria (Anvisa). At\u00e9 o dia 1\u00ba, oito delas ainda n\u00e3o tinham apresentado sintomas. No domingo (5), surgiram dois novos casos suspeitos. Com isso, a contagem de [&hellip;]<\/p>\n","protected":false},"author":96,"featured_media":158031,"comment_status":"closed","ping_status":"closed","sticky":false,"template":"","format":"standard","meta":{"footnotes":""},"categories":[302,436,439],"tags":[],"class_list":["post-158030","post","type-post","status-publish","format-standard","has-post-thumbnail","hentry","category-brasil-mundo","category-destaque-da-semana","category-ultima-hora"],"_links":{"self":[{"href":"https:\/\/diarioregionaldigital.com.br\/index.php?rest_route=\/wp\/v2\/posts\/158030","targetHints":{"allow":["GET"]}}],"collection":[{"href":"https:\/\/diarioregionaldigital.com.br\/index.php?rest_route=\/wp\/v2\/posts"}],"about":[{"href":"https:\/\/diarioregionaldigital.com.br\/index.php?rest_route=\/wp\/v2\/types\/post"}],"author":[{"embeddable":true,"href":"https:\/\/diarioregionaldigital.com.br\/index.php?rest_route=\/wp\/v2\/users\/96"}],"replies":[{"embeddable":true,"href":"https:\/\/diarioregionaldigital.com.br\/index.php?rest_route=%2Fwp%2Fv2%2Fcomments&post=158030"}],"version-history":[{"count":0,"href":"https:\/\/diarioregionaldigital.com.br\/index.php?rest_route=\/wp\/v2\/posts\/158030\/revisions"}],"wp:featuredmedia":[{"embeddable":true,"href":"https:\/\/diarioregionaldigital.com.br\/index.php?rest_route=\/wp\/v2\/media\/158031"}],"wp:attachment":[{"href":"https:\/\/diarioregionaldigital.com.br\/index.php?rest_route=%2Fwp%2Fv2%2Fmedia&parent=158030"}],"wp:term":[{"taxonomy":"category","embeddable":true,"href":"https:\/\/diarioregionaldigital.com.br\/index.php?rest_route=%2Fwp%2Fv2%2Fcategories&post=158030"},{"taxonomy":"post_tag","embeddable":true,"href":"https:\/\/diarioregionaldigital.com.br\/index.php?rest_route=%2Fwp%2Fv2%2Ftags&post=158030"}],"curies":[{"name":"wp","href":"https:\/\/api.w.org\/{rel}","templated":true}]}}