{"id":158027,"date":"2020-04-07T14:42:31","date_gmt":"2020-04-07T17:42:31","guid":{"rendered":"https:\/\/diarioregionaldigital.com.br\/?p=158027"},"modified":"2020-04-07T14:42:31","modified_gmt":"2020-04-07T17:42:31","slug":"secretaria-de-saude-reforca-necessidade-das-medidas-de-distanciamento-social","status":"publish","type":"post","link":"https:\/\/diarioregionaldigital.com.br\/?p=158027","title":{"rendered":"Secretaria de Sa\u00fade refor\u00e7a necessidade das medidas de distanciamento social"},"content":{"rendered":"<p>O secret\u00e1rio de Estado de\u00a0Sa\u00fade\u00a0de Minas Gerais, Carlos Eduardo Amaral, apresentou, nesta segunda-feira (6\/4), uma atualiza\u00e7\u00e3o dos n\u00fameros referentes aos casos de Covid-19 no territ\u00f3rio estadual. Acompanhado do secret\u00e1rio adjunto Marcelo Cabral e do subsecret\u00e1rio de Vigil\u00e2ncia em Sa\u00fade, Dario Brock Ramalho, o gestor\u00a0destacou que o\u00a0Governo do Estado\u00a0tem buscado ampliar a disponibilidade de\u00a0ventiladores pulmonares. Al\u00e9m disso, enfatizou a import\u00e2ncia da continuidade das medidas de distanciamento social implementadas em Minas Gerais.<\/p>\n<p>\u201cDeve-se evitar aglomera\u00e7\u00f5es, reuni\u00f5es de pessoas, mesmo em ambientes abertos. Em caso de necessidade de sair de casa, para ir a um supermercado, por exemplo, \u00e9 importante manter a dist\u00e2ncia de pelo menos dois metros das outras pessoas. Recomendamos ainda o uso de m\u00e1scaras caseiras, em conformidade com\u00a0o Minist\u00e9rio da Sa\u00fade\u00a0e a Organiza\u00e7\u00e3o Mundial de Sa\u00fade (OMS). Essas m\u00e1scaras devem ser trocadas com frequ\u00eancia e lavadas ap\u00f3s o uso. As m\u00e1scaras cir\u00fargicas devem ser reservadas \u00e0 prote\u00e7\u00e3o dos profissionais de sa\u00fade\u201d, disse\u00a0Amaral.<\/p>\n<p>Segundo o secret\u00e1rio, a decis\u00e3o sobre as medidas de distanciamento se mant\u00eam inalteradas, ainda que sejam realizadas an\u00e1lises\u00a0sobre o retorno \u00e0s atividades comerciais, por exemplo. \u201cEsses estudos miram momento futuro, quando poderemos, de forma organizada, ir retornando \u00e0 normalidade\u201d, afirmou.<\/p>\n<p>O secret\u00e1rio adjunto\u00a0Marcelo Cabral tamb\u00e9m destacou\u00a0o isolamento como medida eficiente para desacelerar a propaga\u00e7\u00e3o do\u00a0coronav\u00edrus. \u201cEm rela\u00e7\u00e3o aos pequenos munic\u00edpios, por meio das nossas Regionais de Sa\u00fade, estamos tomando a\u00e7\u00f5es conforme os planos de conting\u00eancia nos aspectos micro e macrorregionais, sendo importante observ\u00e1-los\u201d, sinalizou.<\/p>\n<p><strong>Aumento da capacidade<\/strong><\/p>\n<p>A\u00a0capta\u00e7\u00e3o de aparelhos danificados para efetuar reparos e imediata utiliza\u00e7\u00e3o, medida\u00a0j\u00e1\u00a0anunciada\u00a0pelo governador Romeu Zema, est\u00e1 entre as provid\u00eancias do Estado para ampliar a rede de prote\u00e7\u00e3o. Al\u00e9m disso, ressaltou o\u00a0trabalho para aumentar a oferta dos ventiladores pulmonares, com aten\u00e7\u00e3o para\u00a0a aloca\u00e7\u00e3o adequada, isto \u00e9, para disponibiliza\u00e7\u00e3o em hospitais que possuem leitos de UTI.<\/p>\n<p>\u201cAs unidades de pequeno porte, que n\u00e3o s\u00e3o dotadas de UTI, ser\u00e3o voltadas ao atendimento dos casos menos graves. Isso porque a aloca\u00e7\u00e3o dos ventiladores depende, al\u00e9m da estrutura f\u00edsica adequada, da exist\u00eancia de recursos humanos treinados a operar esses&#8221;, explicou.<\/p>\n<p>Outro destaque \u00e9 o aumento da capacidade de realiza\u00e7\u00e3o de exames de biologia molecular, com a agrega\u00e7\u00e3o de 19 laborat\u00f3rios \u00e0 rede, apresentado na coletiva pelo\u00a0subsecret\u00e1rio de Vigil\u00e2ncia em Sa\u00fade, Dario Brock Ramalho.\u00a0Ele tamb\u00e9m\u00a0comentou sobre poss\u00edvel aumento de n\u00fameros de casos com comprova\u00e7\u00e3o laboratorial nos pr\u00f3ximos dias.<\/p>\n<p>\u201cN\u00f3s, de fato, esperamos um aumento, mas n\u00e3o t\u00e3o significativo, pois a maior parte do volume de exames, nessas circunst\u00e2ncias, \u00e9 feita em profissionais de sa\u00fade, de forma que possamos ter condi\u00e7\u00f5es de manejar esses recursos humanos\u201d, avaliou.<\/p>\n<p>Ramalho lembrou, ainda, que os testes r\u00e1pidos enviados pelo Minist\u00e9rio da Sa\u00fade s\u00e3o exames sorol\u00f3gicos, que apontam quando a pessoa j\u00e1 foi infectada e est\u00e1 com anticorpos, tendo outra utilidade. \u201cS\u00e3o importantes para exames de triagem ou acompanhamento de profissionais de atividades essenciais, como sa\u00fade e seguran\u00e7a, por exemplo\u201d.<\/p>\n<p><strong>Credenciamento de UTI<\/strong><\/p>\n<p>Em fun\u00e7\u00e3o da pandemia ocasionada pelo novo coronav\u00edrus humano (Covid-19), a Secretaria de Estado de Sa\u00fade de Minas Gerais (SES-MG) publicou, no \u00faltimo s\u00e1bado (4\/4), edital que visa \u00e0 sele\u00e7\u00e3o e a contrata\u00e7\u00e3o de prestadores de servi\u00e7os na \u00e1rea de sa\u00fade.<\/p>\n<p>Entre outras defini\u00e7\u00f5es, o edital estabelece, por exemplo, o credenciamento e contrata\u00e7\u00e3o excepcional de 2000 leitos de UTI Adulto e Pedi\u00e1trico (estimativa), por at\u00e9 90 dias (per\u00edodo prorrog\u00e1vel), para a interna\u00e7\u00e3o de pacientes acometidos com o Covid-19.\u00a0 O or\u00e7amento inicial \u00e9 de R$ 54.000.000,00 milh\u00f5es, oriundos do Tesouro Estadual e a vig\u00eancia do edital de 3 meses, prorrog\u00e1vel conforme a necessidade.<\/p>\n<p>S\u00e3o eleg\u00edveis todos os prestadores de servi\u00e7os de sa\u00fade do estado (p\u00fablicos e privados, SUS e n\u00e3o SUS), que possuem leitos de UTI em condi\u00e7\u00f5es t\u00e9cnico-operacionais e de recursos humanos para\u00a0atendimento \u00e0 popula\u00e7\u00e3o, conforme regras da Gest\u00e3o do Sistema \u00danico de Sa\u00fade (SUS) em Minas Gerais e do edital. A SES-MG esclarece que, ap\u00f3s julgamentos das solicita\u00e7\u00f5es de credenciamento, os resultados ser\u00e3o publicados, periodicamente, por meio do\u00a0Di\u00e1rio Oficial Minas Gerais.<\/p>\n<p><strong>Farm\u00e1cia de Minas<\/strong><\/p>\n<p>O secret\u00e1rio Carlos Eduardo Amaral tamb\u00e9m destacou que a SES-MG est\u00e1 fazendo aquisi\u00e7\u00e3o de medicamentos para que pacientes que fazem uso cont\u00ednuo de medicamentos dispensados pelo Estado possam retirar quantitativos suficientes para per\u00edodos de at\u00e9 tr\u00eas meses, o que evitar\u00e1 a procura presencial para retirada. Al\u00e9m disso, est\u00e1 em estudo a entrega de medicamentos em domic\u00edlio para os pacientes dos grupos de risco.<\/p>\n<p>\u201cAl\u00e9m disso, \u00e9 preciso refor\u00e7ar a import\u00e2ncia de se comparecer \u00e0 farm\u00e1cia apenas em caso de agendamento. Mesmo assim, caso haja alguma fila, orientamos que se mantenha o afastamento de dois metros para a pessoa mais pr\u00f3xima\u201d, disse.<\/p>\n<p>O secret\u00e1rio tamb\u00e9m informou que est\u00e1 em estudo a operacionaliza\u00e7\u00e3o de um sistema para poder operacionalizar a entrega dos medicamentos em casa para alguns pacientes.<\/p>\n<p><strong>Canais de orienta\u00e7\u00e3o<\/strong><\/p>\n<p>Amaral ressaltou, ainda, a busca por informa\u00e7\u00f5es em canais confi\u00e1veis.\u00a0Nesse sentido, destacou que o site da SES-MG possui orienta\u00e7\u00f5es voltadas a informar a sociedade, gestores, profissionais de sa\u00fade e a imprensa.\u00a0A p\u00e1gina apresenta\u00a0respostas \u00e0s d\u00favidas frequentes, dados sobre situa\u00e7\u00e3o da doen\u00e7a em Minas, a\u00e7\u00f5es em curso e legisla\u00e7\u00f5es.<\/p>\n<p>O servi\u00e7o telef\u00f4nico 155 como canal para tirar d\u00favidas tamb\u00e9m foi lembrado pelo secret\u00e1rio. \u201cAp\u00f3s realizar a chamada, basta a pessoa teclar a op\u00e7\u00e3o 2, para acessar o servi\u00e7o da Sa\u00fade estadual\u201d, indicou.<\/p>\n<p>&nbsp;<\/p>\n<p><strong>Fonte:\u00a0<\/strong>Ag\u00eancia Minas<\/p>\n","protected":false},"excerpt":{"rendered":"<p>O secret\u00e1rio de Estado de\u00a0Sa\u00fade\u00a0de Minas Gerais, Carlos Eduardo Amaral, apresentou, nesta segunda-feira (6\/4), uma atualiza\u00e7\u00e3o dos n\u00fameros referentes aos casos de Covid-19 no territ\u00f3rio estadual. Acompanhado do secret\u00e1rio adjunto Marcelo Cabral e do subsecret\u00e1rio de Vigil\u00e2ncia em Sa\u00fade, Dario Brock Ramalho, o gestor\u00a0destacou que o\u00a0Governo do Estado\u00a0tem buscado ampliar a disponibilidade de\u00a0ventiladores pulmonares. Al\u00e9m [&hellip;]<\/p>\n","protected":false},"author":96,"featured_media":158028,"comment_status":"closed","ping_status":"closed","sticky":false,"template":"","format":"standard","meta":{"footnotes":""},"categories":[436,440,252,439],"tags":[],"class_list":["post-158027","post","type-post","status-publish","format-standard","has-post-thumbnail","hentry","category-destaque-da-semana","category-destaques-do-dia","category-regiao","category-ultima-hora"],"_links":{"self":[{"href":"https:\/\/diarioregionaldigital.com.br\/index.php?rest_route=\/wp\/v2\/posts\/158027","targetHints":{"allow":["GET"]}}],"collection":[{"href":"https:\/\/diarioregionaldigital.com.br\/index.php?rest_route=\/wp\/v2\/posts"}],"about":[{"href":"https:\/\/diarioregionaldigital.com.br\/index.php?rest_route=\/wp\/v2\/types\/post"}],"author":[{"embeddable":true,"href":"https:\/\/diarioregionaldigital.com.br\/index.php?rest_route=\/wp\/v2\/users\/96"}],"replies":[{"embeddable":true,"href":"https:\/\/diarioregionaldigital.com.br\/index.php?rest_route=%2Fwp%2Fv2%2Fcomments&post=158027"}],"version-history":[{"count":0,"href":"https:\/\/diarioregionaldigital.com.br\/index.php?rest_route=\/wp\/v2\/posts\/158027\/revisions"}],"wp:featuredmedia":[{"embeddable":true,"href":"https:\/\/diarioregionaldigital.com.br\/index.php?rest_route=\/wp\/v2\/media\/158028"}],"wp:attachment":[{"href":"https:\/\/diarioregionaldigital.com.br\/index.php?rest_route=%2Fwp%2Fv2%2Fmedia&parent=158027"}],"wp:term":[{"taxonomy":"category","embeddable":true,"href":"https:\/\/diarioregionaldigital.com.br\/index.php?rest_route=%2Fwp%2Fv2%2Fcategories&post=158027"},{"taxonomy":"post_tag","embeddable":true,"href":"https:\/\/diarioregionaldigital.com.br\/index.php?rest_route=%2Fwp%2Fv2%2Ftags&post=158027"}],"curies":[{"name":"wp","href":"https:\/\/api.w.org\/{rel}","templated":true}]}}