{"id":158025,"date":"2020-04-07T14:38:03","date_gmt":"2020-04-07T17:38:03","guid":{"rendered":"https:\/\/diarioregionaldigital.com.br\/?p=158025"},"modified":"2020-04-07T14:38:52","modified_gmt":"2020-04-07T17:38:52","slug":"coronavirus-pouso-alegre-tem-primeira-morte","status":"publish","type":"post","link":"https:\/\/diarioregionaldigital.com.br\/?p=158025","title":{"rendered":"Coronav\u00edrus: Pouso Alegre tem primeira morte"},"content":{"rendered":"<p>A Secretaria de Estado da Sa\u00fade de Minas Gerais (SES-MG), confirmou nesta ter\u00e7a-feira (7) 11 mortes causadas por Coronav\u00edrus em Minas Gerais. Conforme o novo boletim, as mortes confirmadas foram de um idoso de 78 anos residente de Pouso Alegre, este era portador de doen\u00e7a pulmonar obstrutiva cr\u00f4nica e Hipertens\u00e3o Arterial e a outra v\u00edtima \u00e9 uma idosa de 60 anos, moradora de Belo Horizonte e portadora de neoplasia e hipertens\u00e3o arterial.<\/p>\n<p>At\u00e9 o momento as mortes por Coronav\u00edrus foram confirmadas em: Belo Horizonte (5), Mariana (1), Ouro Fino (1), Pouso Alegre (1) e Uberl\u00e2ndia (2). Pelo estado h\u00e1 49.652 casos, sendo que 559 foram confirmados e 100 \u00f3bitos est\u00e3o sob investiga\u00e7\u00e3o.<\/p>\n<p>Os dados atualizados agora s\u00e3o: Alfenas (1),\u00a0Araguari (2),<b> Arcos (2),\u00a0<\/b>Barbacena (1),<b>\u00a0Belo Horizonte (270)<\/b>,\u00a0Betim (6),\u00a0<strong>Boa Esperan\u00e7a (2),<\/strong> Bom Despacho (1),\u00a0<strong>Botelhos (1),<\/strong>\u00a0Cambu\u00ed (1),Campo Belo (1)<b>,<\/b>\u00a0Campos Altos (1), Capit\u00f3lio (1),Carmo da Cachoeira (1),\u00a0Carmo do Cajuru (1),\u00a0Centralina (1),\u00a0Contagem (13), <strong>Coronel Fabriciano (2),<\/strong>\u00a0Diniv\u00e9sia (1),\u00a0Divin\u00f3polis (15),\u00a0Esmeraldas (1),\u00a0Extrema (1)<b>, Frutal (1),\u00a0<\/b><strong>Governador Valadares (3)<\/strong>, Guimar\u00e2nia (1), <strong>Ipatinga (2)<\/strong>,\u00a0Itabira (1),Jana\u00faba (2), Jeceaba (1),\u00a0<b>Juiz de Fora (42)<\/b>, <strong>Lagoa da Prata (11)<\/strong>,\u00a0Lavras (3),\u00a0Machado (1),\u00a0Manhua\u00e7u (1)<b>,\u00a0<\/b>Mariana (2),\u00a0Matozinhos (1), Montes Claros (\u00f3bito confirmado), Muria\u00e9 (4), <strong>Nanuque (2),\u00a0<\/strong>Nova Lima (37),\u00a0Ouro Fino (\u00f3bito confirmado), Paracatu (1), Parais\u00f3polis (1), Patos de Minas (4), Patroc\u00ednio (5),\u00a0<strong>Plumhi (1),<\/strong> Po\u00e7os de Caldas (2),<b>\u00a0Pouso Alegre (7), Ribeir\u00e3o das Neves (2),<\/b>\u00a0<strong>Sabar\u00e1 (5),<\/strong> Santa Luzia (1), Santana do Para\u00edso (1), Santo Ant\u00f4nio do Monte (2), S\u00e3o Jo\u00e3o Del Rei (3),Sarzedo (1), Senador Amaral (1),Serra do Saltire (1),Sete Lagoas (3),\u00a0<b>Tim\u00f3teo (4),<\/b>\u00a0Toledo (1), Ub\u00e1 (1),\u00a0Uberaba (11),\u00a0Uberl\u00e2ndia (33),\u00a0Una\u00ed (1),\u00a0Varginha (4)\u00a0e outros munic\u00edpios em investiga\u00e7\u00e3o (10).<\/p>\n","protected":false},"excerpt":{"rendered":"<p>A Secretaria de Estado da Sa\u00fade de Minas Gerais (SES-MG), confirmou nesta ter\u00e7a-feira (7) 11 mortes causadas por Coronav\u00edrus em Minas Gerais. Conforme o novo boletim, as mortes confirmadas foram de um idoso de 78 anos residente de Pouso Alegre, este era portador de doen\u00e7a pulmonar obstrutiva cr\u00f4nica e Hipertens\u00e3o Arterial e a outra v\u00edtima [&hellip;]<\/p>\n","protected":false},"author":96,"featured_media":157246,"comment_status":"closed","ping_status":"closed","sticky":false,"template":"","format":"standard","meta":{"footnotes":""},"categories":[436,440,252,439],"tags":[],"class_list":["post-158025","post","type-post","status-publish","format-standard","has-post-thumbnail","hentry","category-destaque-da-semana","category-destaques-do-dia","category-regiao","category-ultima-hora"],"_links":{"self":[{"href":"https:\/\/diarioregionaldigital.com.br\/index.php?rest_route=\/wp\/v2\/posts\/158025","targetHints":{"allow":["GET"]}}],"collection":[{"href":"https:\/\/diarioregionaldigital.com.br\/index.php?rest_route=\/wp\/v2\/posts"}],"about":[{"href":"https:\/\/diarioregionaldigital.com.br\/index.php?rest_route=\/wp\/v2\/types\/post"}],"author":[{"embeddable":true,"href":"https:\/\/diarioregionaldigital.com.br\/index.php?rest_route=\/wp\/v2\/users\/96"}],"replies":[{"embeddable":true,"href":"https:\/\/diarioregionaldigital.com.br\/index.php?rest_route=%2Fwp%2Fv2%2Fcomments&post=158025"}],"version-history":[{"count":0,"href":"https:\/\/diarioregionaldigital.com.br\/index.php?rest_route=\/wp\/v2\/posts\/158025\/revisions"}],"wp:featuredmedia":[{"embeddable":true,"href":"https:\/\/diarioregionaldigital.com.br\/index.php?rest_route=\/wp\/v2\/media\/157246"}],"wp:attachment":[{"href":"https:\/\/diarioregionaldigital.com.br\/index.php?rest_route=%2Fwp%2Fv2%2Fmedia&parent=158025"}],"wp:term":[{"taxonomy":"category","embeddable":true,"href":"https:\/\/diarioregionaldigital.com.br\/index.php?rest_route=%2Fwp%2Fv2%2Fcategories&post=158025"},{"taxonomy":"post_tag","embeddable":true,"href":"https:\/\/diarioregionaldigital.com.br\/index.php?rest_route=%2Fwp%2Fv2%2Ftags&post=158025"}],"curies":[{"name":"wp","href":"https:\/\/api.w.org\/{rel}","templated":true}]}}