{"id":158015,"date":"2020-04-07T06:00:30","date_gmt":"2020-04-07T09:00:30","guid":{"rendered":"https:\/\/diarioregionaldigital.com.br\/?p=158015"},"modified":"2020-04-06T22:19:59","modified_gmt":"2020-04-07T01:19:59","slug":"especialista","status":"publish","type":"post","link":"https:\/\/diarioregionaldigital.com.br\/?p=158015","title":{"rendered":"Especialista"},"content":{"rendered":"<p style=\"text-align: center;\"><strong>Moda Internacional<\/strong><\/p>\n<p style=\"text-align: center;\">Apesar dos Estados Unidos viver uma pandemia do Coronav\u00edrus, o estilista americano Alexander Wang prestou um tributo aos pilares da moda americano, antes da quarentena. Segundo o memorando do desfile, serviram de base para sua pr\u00f3pria forma\u00e7\u00e3o. Os acess\u00f3rios celebram a cidade e seus \u00edcones, os t-shirts e shorts sexy mostraram nuances perigosamente curtos.<\/p>\n<p style=\"text-align: center;\"><strong>Especialista<\/strong><\/p>\n<p style=\"text-align: center;\">A bola da vez fica para o Prof. Dr. Adriano Faria, o coach dos ricos e famosos. Considerado um dos maiores e melhores especialistas em Desenvolvimento Humano no cen\u00e1rio nacional ele transforma vidas atrav\u00e9s da metodologia do Coaching e da Filosofia conduzindo seus clientes a resultados extraordin\u00e1rios na vida profissional e pessoal. Ponto para ele.<\/p>\n<p style=\"text-align: center;\"><strong>Era da Transi\u00e7\u00e3o<\/strong><\/p>\n<p style=\"text-align: center;\">A economia do isolamento n\u00e3o \u00e9 apenas recessiva Ela vai transformar com muita velocidade a organiza\u00e7\u00e3o das empresas e modelos de neg\u00f3cio. O setor II e as consultorias vem legado de mais efici\u00eancia e digitaliza\u00e7\u00e3o a quem sobreviver p\u00f3s-efici\u00eancia.<\/p>\n<p style=\"text-align: center;\"><strong>Rosa Madalena<\/strong><\/p>\n<p style=\"text-align: center;\">O cantor Sidney Magal vai ganhar um document\u00e1rio sobre sua carreira. \u201cMe chama que eu vou\u201d, dirigido por Joana Mariani, ter\u00e1 imagens de arquivo in\u00e9ditas, cenas mostrando sua rela\u00e7\u00e3o com o filho Rodrigo e a cumplicidade com Magali, com quem \u00e9 casado h\u00e1 40 anos, al\u00e9m de shows e entrevistas feitas entre 2018 a 2020.<\/p>\n<p style=\"text-align: center;\"><span style=\"font-size: 14pt;\"><strong>Para Refletir<\/strong><\/span><\/p>\n<p style=\"text-align: center;\">Siga firme na dire\u00e7\u00e3o das sua metas porque o desejo cria, o pensamento higienizado atrai e a f\u00e9 realiza.<\/p>\n<div id=\"attachment_157995\" style=\"width: 690px\" class=\"wp-caption aligncenter\"><img loading=\"lazy\" decoding=\"async\" aria-describedby=\"caption-attachment-157995\" class=\"wp-image-157995\" src=\"https:\/\/diarioregionaldigital.com.br\/wp-content\/uploads\/2020\/04\/fotoa-3-e1586218091392.jpg\" alt=\"\" width=\"680\" height=\"535\" srcset=\"https:\/\/diarioregionaldigital.com.br\/wp-content\/uploads\/2020\/04\/fotoa-3-e1586218091392.jpg 1655w, https:\/\/diarioregionaldigital.com.br\/wp-content\/uploads\/2020\/04\/fotoa-3-e1586218091392-300x236.jpg 300w, https:\/\/diarioregionaldigital.com.br\/wp-content\/uploads\/2020\/04\/fotoa-3-e1586218091392-768x604.jpg 768w, https:\/\/diarioregionaldigital.com.br\/wp-content\/uploads\/2020\/04\/fotoa-3-e1586218091392-1024x805.jpg 1024w, https:\/\/diarioregionaldigital.com.br\/wp-content\/uploads\/2020\/04\/fotoa-3-e1586218091392-360x283.jpg 360w\" sizes=\"auto, (max-width: 680px) 100vw, 680px\" \/><p id=\"caption-attachment-157995\" class=\"wp-caption-text\">Em casa durante a pandemia do Coronav\u00edrus, o artista pl\u00e1stico e professor Henrique Lotti escreve novo livro<\/p><\/div>\n<div id=\"attachment_157996\" style=\"width: 690px\" class=\"wp-caption aligncenter\"><img loading=\"lazy\" decoding=\"async\" aria-describedby=\"caption-attachment-157996\" class=\"wp-image-157996\" src=\"https:\/\/diarioregionaldigital.com.br\/wp-content\/uploads\/2020\/04\/fotob-3-e1586222213744.jpg\" alt=\"\" width=\"680\" height=\"677\" srcset=\"https:\/\/diarioregionaldigital.com.br\/wp-content\/uploads\/2020\/04\/fotob-3-e1586222213744.jpg 1703w, https:\/\/diarioregionaldigital.com.br\/wp-content\/uploads\/2020\/04\/fotob-3-e1586222213744-150x150.jpg 150w, https:\/\/diarioregionaldigital.com.br\/wp-content\/uploads\/2020\/04\/fotob-3-e1586222213744-300x300.jpg 300w, https:\/\/diarioregionaldigital.com.br\/wp-content\/uploads\/2020\/04\/fotob-3-e1586222213744-768x765.jpg 768w, https:\/\/diarioregionaldigital.com.br\/wp-content\/uploads\/2020\/04\/fotob-3-e1586222213744-1024x1020.jpg 1024w, https:\/\/diarioregionaldigital.com.br\/wp-content\/uploads\/2020\/04\/fotob-3-e1586222213744-180x180.jpg 180w, https:\/\/diarioregionaldigital.com.br\/wp-content\/uploads\/2020\/04\/fotob-3-e1586222213744-120x120.jpg 120w, https:\/\/diarioregionaldigital.com.br\/wp-content\/uploads\/2020\/04\/fotob-3-e1586222213744-360x359.jpg 360w, https:\/\/diarioregionaldigital.com.br\/wp-content\/uploads\/2020\/04\/fotob-3-e1586222213744-80x80.jpg 80w\" sizes=\"auto, (max-width: 680px) 100vw, 680px\" \/><p id=\"caption-attachment-157996\" class=\"wp-caption-text\">O bonit\u00e3o Leonardo Frossard captando boas energias entre Juiz de Fora e Divino (MG)<\/p><\/div>\n<div id=\"attachment_157997\" style=\"width: 690px\" class=\"wp-caption aligncenter\"><img loading=\"lazy\" decoding=\"async\" aria-describedby=\"caption-attachment-157997\" class=\"wp-image-157997\" src=\"https:\/\/diarioregionaldigital.com.br\/wp-content\/uploads\/2020\/04\/fotoc-3-e1586218885387.jpg\" alt=\"\" width=\"680\" height=\"519\" srcset=\"https:\/\/diarioregionaldigital.com.br\/wp-content\/uploads\/2020\/04\/fotoc-3-e1586218885387.jpg 1701w, https:\/\/diarioregionaldigital.com.br\/wp-content\/uploads\/2020\/04\/fotoc-3-e1586218885387-300x229.jpg 300w, https:\/\/diarioregionaldigital.com.br\/wp-content\/uploads\/2020\/04\/fotoc-3-e1586218885387-768x586.jpg 768w, https:\/\/diarioregionaldigital.com.br\/wp-content\/uploads\/2020\/04\/fotoc-3-e1586218885387-1024x782.jpg 1024w, https:\/\/diarioregionaldigital.com.br\/wp-content\/uploads\/2020\/04\/fotoc-3-e1586218885387-360x275.jpg 360w\" sizes=\"auto, (max-width: 680px) 100vw, 680px\" \/><p id=\"caption-attachment-157997\" class=\"wp-caption-text\">Antes da isolamento social, os modelos Gilson Calixto e Luana Assis, desfilaram em Muria\u00e9 (MG)<\/p><\/div>\n<div id=\"attachment_157998\" style=\"width: 690px\" class=\"wp-caption aligncenter\"><img loading=\"lazy\" decoding=\"async\" aria-describedby=\"caption-attachment-157998\" class=\"wp-image-157998\" src=\"https:\/\/diarioregionaldigital.com.br\/wp-content\/uploads\/2020\/04\/fotod-3.jpg\" alt=\"\" width=\"680\" height=\"450\" srcset=\"https:\/\/diarioregionaldigital.com.br\/wp-content\/uploads\/2020\/04\/fotod-3.jpg 2624w, https:\/\/diarioregionaldigital.com.br\/wp-content\/uploads\/2020\/04\/fotod-3-300x198.jpg 300w, https:\/\/diarioregionaldigital.com.br\/wp-content\/uploads\/2020\/04\/fotod-3-768x508.jpg 768w, https:\/\/diarioregionaldigital.com.br\/wp-content\/uploads\/2020\/04\/fotod-3-1024x677.jpg 1024w, https:\/\/diarioregionaldigital.com.br\/wp-content\/uploads\/2020\/04\/fotod-3-1440x950.jpg 1440w, https:\/\/diarioregionaldigital.com.br\/wp-content\/uploads\/2020\/04\/fotod-3-360x238.jpg 360w\" sizes=\"auto, (max-width: 680px) 100vw, 680px\" \/><p id=\"caption-attachment-157998\" class=\"wp-caption-text\">Na \u2019Dois Amores Floricultura\u201d em ritmo de outono, Eduardo Gomes e Ren\u00ea Mendon\u00e7a<\/p><\/div>\n<div id=\"attachment_157999\" style=\"width: 690px\" class=\"wp-caption aligncenter\"><img loading=\"lazy\" decoding=\"async\" aria-describedby=\"caption-attachment-157999\" class=\"wp-image-157999\" src=\"https:\/\/diarioregionaldigital.com.br\/wp-content\/uploads\/2020\/04\/fotoe-3-e1586218965123.jpg\" alt=\"\" width=\"680\" height=\"617\" srcset=\"https:\/\/diarioregionaldigital.com.br\/wp-content\/uploads\/2020\/04\/fotoe-3-e1586218965123.jpg 1636w, https:\/\/diarioregionaldigital.com.br\/wp-content\/uploads\/2020\/04\/fotoe-3-e1586218965123-300x272.jpg 300w, https:\/\/diarioregionaldigital.com.br\/wp-content\/uploads\/2020\/04\/fotoe-3-e1586218965123-768x697.jpg 768w, https:\/\/diarioregionaldigital.com.br\/wp-content\/uploads\/2020\/04\/fotoe-3-e1586218965123-1024x929.jpg 1024w, https:\/\/diarioregionaldigital.com.br\/wp-content\/uploads\/2020\/04\/fotoe-3-e1586218965123-360x327.jpg 360w\" sizes=\"auto, (max-width: 680px) 100vw, 680px\" \/><p id=\"caption-attachment-157999\" class=\"wp-caption-text\">Confinados na Fazenda Guarit\u00e1 em Rio das Flores (RJ), Marcel\u00e3o Peres, Simone Tavares e o c\u00e3o Sim\u00e3o<\/p><\/div>\n<div id=\"attachment_158000\" style=\"width: 690px\" class=\"wp-caption aligncenter\"><img loading=\"lazy\" decoding=\"async\" aria-describedby=\"caption-attachment-158000\" class=\"wp-image-158000\" src=\"https:\/\/diarioregionaldigital.com.br\/wp-content\/uploads\/2020\/04\/fotof-3-e1586219835444.jpg\" alt=\"\" width=\"680\" height=\"521\" srcset=\"https:\/\/diarioregionaldigital.com.br\/wp-content\/uploads\/2020\/04\/fotof-3-e1586219835444.jpg 1688w, https:\/\/diarioregionaldigital.com.br\/wp-content\/uploads\/2020\/04\/fotof-3-e1586219835444-300x230.jpg 300w, https:\/\/diarioregionaldigital.com.br\/wp-content\/uploads\/2020\/04\/fotof-3-e1586219835444-768x588.jpg 768w, https:\/\/diarioregionaldigital.com.br\/wp-content\/uploads\/2020\/04\/fotof-3-e1586219835444-1024x784.jpg 1024w, https:\/\/diarioregionaldigital.com.br\/wp-content\/uploads\/2020\/04\/fotof-3-e1586219835444-360x276.jpg 360w\" sizes=\"auto, (max-width: 680px) 100vw, 680px\" \/><p id=\"caption-attachment-158000\" class=\"wp-caption-text\">Em noite de coquel no Unique, Emerson Matos e Pablo Mazzoni<\/p><\/div>\n<div id=\"attachment_158001\" style=\"width: 690px\" class=\"wp-caption aligncenter\"><img loading=\"lazy\" decoding=\"async\" aria-describedby=\"caption-attachment-158001\" class=\"wp-image-158001\" src=\"https:\/\/diarioregionaldigital.com.br\/wp-content\/uploads\/2020\/04\/fotog-3.jpg\" alt=\"\" width=\"680\" height=\"471\" srcset=\"https:\/\/diarioregionaldigital.com.br\/wp-content\/uploads\/2020\/04\/fotog-3.jpg 2528w, https:\/\/diarioregionaldigital.com.br\/wp-content\/uploads\/2020\/04\/fotog-3-300x208.jpg 300w, https:\/\/diarioregionaldigital.com.br\/wp-content\/uploads\/2020\/04\/fotog-3-768x532.jpg 768w, https:\/\/diarioregionaldigital.com.br\/wp-content\/uploads\/2020\/04\/fotog-3-1024x710.jpg 1024w, https:\/\/diarioregionaldigital.com.br\/wp-content\/uploads\/2020\/04\/fotog-3-360x249.jpg 360w, https:\/\/diarioregionaldigital.com.br\/wp-content\/uploads\/2020\/04\/fotog-3-100x70.jpg 100w\" sizes=\"auto, (max-width: 680px) 100vw, 680px\" \/><p id=\"caption-attachment-158001\" class=\"wp-caption-text\">A elegante Tereza Ferreira, em sintonia com o outono dentro de casa<\/p><\/div>\n<div id=\"attachment_158003\" style=\"width: 690px\" class=\"wp-caption aligncenter\"><img loading=\"lazy\" decoding=\"async\" aria-describedby=\"caption-attachment-158003\" class=\"wp-image-158003\" src=\"https:\/\/diarioregionaldigital.com.br\/wp-content\/uploads\/2020\/04\/fotoh-3-e1586219888503.jpg\" alt=\"\" width=\"680\" height=\"516\" srcset=\"https:\/\/diarioregionaldigital.com.br\/wp-content\/uploads\/2020\/04\/fotoh-3-e1586219888503.jpg 1780w, https:\/\/diarioregionaldigital.com.br\/wp-content\/uploads\/2020\/04\/fotoh-3-e1586219888503-300x228.jpg 300w, https:\/\/diarioregionaldigital.com.br\/wp-content\/uploads\/2020\/04\/fotoh-3-e1586219888503-768x583.jpg 768w, https:\/\/diarioregionaldigital.com.br\/wp-content\/uploads\/2020\/04\/fotoh-3-e1586219888503-1024x777.jpg 1024w, https:\/\/diarioregionaldigital.com.br\/wp-content\/uploads\/2020\/04\/fotoh-3-e1586219888503-360x273.jpg 360w\" sizes=\"auto, (max-width: 680px) 100vw, 680px\" \/><p id=\"caption-attachment-158003\" class=\"wp-caption-text\">Em sintonia com o belo, a artista pl\u00e1stica Regina Petermann<\/p><\/div>\n<div id=\"attachment_158004\" style=\"width: 690px\" class=\"wp-caption aligncenter\"><img loading=\"lazy\" decoding=\"async\" aria-describedby=\"caption-attachment-158004\" class=\"wp-image-158004\" src=\"https:\/\/diarioregionaldigital.com.br\/wp-content\/uploads\/2020\/04\/fotoi-3-e1586220290186.jpg\" alt=\"\" width=\"680\" height=\"502\" srcset=\"https:\/\/diarioregionaldigital.com.br\/wp-content\/uploads\/2020\/04\/fotoi-3-e1586220290186.jpg 1607w, https:\/\/diarioregionaldigital.com.br\/wp-content\/uploads\/2020\/04\/fotoi-3-e1586220290186-300x221.jpg 300w, https:\/\/diarioregionaldigital.com.br\/wp-content\/uploads\/2020\/04\/fotoi-3-e1586220290186-768x567.jpg 768w, https:\/\/diarioregionaldigital.com.br\/wp-content\/uploads\/2020\/04\/fotoi-3-e1586220290186-1024x756.jpg 1024w, https:\/\/diarioregionaldigital.com.br\/wp-content\/uploads\/2020\/04\/fotoi-3-e1586220290186-360x266.jpg 360w\" sizes=\"auto, (max-width: 680px) 100vw, 680px\" \/><p id=\"caption-attachment-158004\" class=\"wp-caption-text\">Em Tiradentes, o charme de arquiteto Rodrigo Motta<\/p><\/div>\n<p style=\"text-align: center;\"><strong>FOTOSS\u00cdNTESE<\/strong><\/p>\n<p>As rodovi\u00e1rias est\u00e3o vazias. Para as capitais, s\u00f3 h\u00e1 \u00f4nibus, saindo de Juiz de Fora para Rio de Janeiro e Belo Horizonte. Com isso, n\u00famero de pessoas circulando no terminal Miguel Mansus caiu de cinco mil para 50 pessoas ao dia.<\/p>\n<p>Em tempo real muitos juiz-foranos est\u00e3o produzindo m\u00e1scaras de tecido para suprir falta no mercado e ganhar algum direito a uma grana extra. Quem aderiu a essa alternativa foi o casal Soraya e Miguel \u00c2ngelo Gomes.<\/p>\n<p>Fazendo um tour virtual a 360\u00ba, o Museu Ferrovi\u00e1rio pode ser visto pelo mundo inteiro no Google Street View. O espa\u00e7o est\u00e1 fechado por causa da pandemia do Coronav\u00edrus.<\/p>\n<p>Com novo projeto musical, a banda Permane\u00e7o Deitada lan\u00e7a primeiro single e videoclipe e arrasando com o tema \u201cAs tra\u00e7as e os ratos\u201d, no You Tube.<\/p>\n<p>Da janela lateral de suas casas, mulheres empreendedoras j\u00e1 se preparam para voltar com tudo quando o com\u00e9rcio permitir com lindas, novidades. S\u00e3o elas: Nilza Venuto (Obsess\u00e3o); Maria Pires (\u00d3tica Juiz de Fora); Nayane Neto (By Candy); Ana Paula Gervason (Bom Jour); Omara Martinez (Moda Kenny); Renata Hargreaves (Mood) e Lidiane Stambassi (Stambassi).<\/p>\n<p>O bondoso Dom Gil Moreira completou 11 anos que foi ordenado arcebispo metropolitano de Juiz de Fora.<\/p>\n<p>Consciente de seu papel como monarquista, o livreiro Jean Menezes de Carmo (Livraria D. Pedro II\u00ba) est\u00e1 apoiando a campanha \u201cNosso museu, sua hist\u00f3ria\u201d, em comemora\u00e7\u00e3o aos 80 anos de Museu Imperial.<\/p>\n<p>Bruno Jonhson est\u00e1 com aulas de dan\u00e7a via internet.<\/p>\n<p>Ouvi no elevador antes da quarentena: \u201cPrefiro vender mi\u00e7anga na praia do que trabalhar para empres\u00e1rio sem no\u00e7\u00e3o.\u201d Bom dia.<\/p>\n<p><img loading=\"lazy\" decoding=\"async\" class=\"aligncenter size-full wp-image-148172\" src=\"https:\/\/diarioregionaldigital.com.br\/wp-content\/uploads\/2019\/09\/arte-coluna-social-2-NOVO.png\" alt=\"\" width=\"3508\" height=\"709\" srcset=\"https:\/\/diarioregionaldigital.com.br\/wp-content\/uploads\/2019\/09\/arte-coluna-social-2-NOVO.png 3508w, https:\/\/diarioregionaldigital.com.br\/wp-content\/uploads\/2019\/09\/arte-coluna-social-2-NOVO-300x61.png 300w, https:\/\/diarioregionaldigital.com.br\/wp-content\/uploads\/2019\/09\/arte-coluna-social-2-NOVO-768x155.png 768w, https:\/\/diarioregionaldigital.com.br\/wp-content\/uploads\/2019\/09\/arte-coluna-social-2-NOVO-1024x207.png 1024w, https:\/\/diarioregionaldigital.com.br\/wp-content\/uploads\/2019\/09\/arte-coluna-social-2-NOVO-360x73.png 360w\" sizes=\"auto, (max-width: 3508px) 100vw, 3508px\" \/><\/p>\n","protected":false},"excerpt":{"rendered":"<p>Moda Internacional Apesar dos Estados Unidos viver uma pandemia do Coronav\u00edrus, o estilista americano Alexander Wang prestou um tributo aos pilares da moda americano, antes da quarentena. Segundo o memorando do desfile, serviram de base para sua pr\u00f3pria forma\u00e7\u00e3o. Os acess\u00f3rios celebram a cidade e seus \u00edcones, os t-shirts e shorts sexy mostraram nuances perigosamente [&hellip;]<\/p>\n","protected":false},"author":96,"featured_media":157995,"comment_status":"closed","ping_status":"closed","sticky":false,"template":"","format":"standard","meta":{"footnotes":""},"categories":[264],"tags":[],"class_list":["post-158015","post","type-post","status-publish","format-standard","has-post-thumbnail","hentry","category-eduardo-gomes"],"_links":{"self":[{"href":"https:\/\/diarioregionaldigital.com.br\/index.php?rest_route=\/wp\/v2\/posts\/158015","targetHints":{"allow":["GET"]}}],"collection":[{"href":"https:\/\/diarioregionaldigital.com.br\/index.php?rest_route=\/wp\/v2\/posts"}],"about":[{"href":"https:\/\/diarioregionaldigital.com.br\/index.php?rest_route=\/wp\/v2\/types\/post"}],"author":[{"embeddable":true,"href":"https:\/\/diarioregionaldigital.com.br\/index.php?rest_route=\/wp\/v2\/users\/96"}],"replies":[{"embeddable":true,"href":"https:\/\/diarioregionaldigital.com.br\/index.php?rest_route=%2Fwp%2Fv2%2Fcomments&post=158015"}],"version-history":[{"count":0,"href":"https:\/\/diarioregionaldigital.com.br\/index.php?rest_route=\/wp\/v2\/posts\/158015\/revisions"}],"wp:featuredmedia":[{"embeddable":true,"href":"https:\/\/diarioregionaldigital.com.br\/index.php?rest_route=\/wp\/v2\/media\/157995"}],"wp:attachment":[{"href":"https:\/\/diarioregionaldigital.com.br\/index.php?rest_route=%2Fwp%2Fv2%2Fmedia&parent=158015"}],"wp:term":[{"taxonomy":"category","embeddable":true,"href":"https:\/\/diarioregionaldigital.com.br\/index.php?rest_route=%2Fwp%2Fv2%2Fcategories&post=158015"},{"taxonomy":"post_tag","embeddable":true,"href":"https:\/\/diarioregionaldigital.com.br\/index.php?rest_route=%2Fwp%2Fv2%2Ftags&post=158015"}],"curies":[{"name":"wp","href":"https:\/\/api.w.org\/{rel}","templated":true}]}}