{"id":158002,"date":"2020-04-06T17:27:15","date_gmt":"2020-04-06T20:27:15","guid":{"rendered":"https:\/\/diarioregionaldigital.com.br\/?p=158002"},"modified":"2020-04-06T17:27:15","modified_gmt":"2020-04-06T20:27:15","slug":"autor-abordado-em-veiculo-e-preso-no-vila-ideal","status":"publish","type":"post","link":"https:\/\/diarioregionaldigital.com.br\/?p=158002","title":{"rendered":"Autor abordado em ve\u00edculo \u00e9 preso no Vila Ideal"},"content":{"rendered":"<p><span style=\"font-weight: 400;\">Um indiv\u00edduo de 28 anos foi preso pela Pol\u00edcia Militar (PM), ap\u00f3s ser abordado dentro de seu ve\u00edculo, no Bairro Vila Ideal (Regi\u00e3o Leste) em Juiz de Fora. Segundo informa\u00e7\u00f5es, o suspeito foi encontrado em um local conhecido pela pr\u00e1tica do tr\u00e1fico de drogas<\/span><\/p>\n<p><span style=\"font-weight: 400;\">Ao realizar abordagem, a PM avistou o suspeito saindo do autom\u00f3vel e ao perceber a presen\u00e7a dos policiais, tentou se desfazer de uma por\u00e7\u00e3o de coca\u00edna que estava em sua m\u00e3o.<\/span><\/p>\n<p><span style=\"font-weight: 400;\">Ap\u00f3s dilig\u00eancias em sua resid\u00eancia, foram localizados tr\u00eas por\u00e7\u00f5es de coca\u00edna, duas barras de coca\u00edna em pasta, uma barra de crack, duas pedras brutas de crack, uma balan\u00e7a de precis\u00e3o e um celular.<\/span><\/p>\n<p><span style=\"font-weight: 400;\">O autor foi preso e o material foi apreendido.\u00a0<\/span><\/p>\n","protected":false},"excerpt":{"rendered":"<p>Um indiv\u00edduo de 28 anos foi preso pela Pol\u00edcia Militar (PM), ap\u00f3s ser abordado dentro de seu ve\u00edculo, no Bairro Vila Ideal (Regi\u00e3o Leste) em Juiz de Fora. Segundo informa\u00e7\u00f5es, o suspeito foi encontrado em um local conhecido pela pr\u00e1tica do tr\u00e1fico de drogas Ao realizar abordagem, a PM avistou o suspeito saindo do autom\u00f3vel [&hellip;]<\/p>\n","protected":false},"author":96,"featured_media":158005,"comment_status":"closed","ping_status":"closed","sticky":false,"template":"","format":"standard","meta":{"footnotes":""},"categories":[301,436,439],"tags":[],"class_list":["post-158002","post","type-post","status-publish","format-standard","has-post-thumbnail","hentry","category-artigos-policiais","category-destaque-da-semana","category-ultima-hora"],"_links":{"self":[{"href":"https:\/\/diarioregionaldigital.com.br\/index.php?rest_route=\/wp\/v2\/posts\/158002","targetHints":{"allow":["GET"]}}],"collection":[{"href":"https:\/\/diarioregionaldigital.com.br\/index.php?rest_route=\/wp\/v2\/posts"}],"about":[{"href":"https:\/\/diarioregionaldigital.com.br\/index.php?rest_route=\/wp\/v2\/types\/post"}],"author":[{"embeddable":true,"href":"https:\/\/diarioregionaldigital.com.br\/index.php?rest_route=\/wp\/v2\/users\/96"}],"replies":[{"embeddable":true,"href":"https:\/\/diarioregionaldigital.com.br\/index.php?rest_route=%2Fwp%2Fv2%2Fcomments&post=158002"}],"version-history":[{"count":0,"href":"https:\/\/diarioregionaldigital.com.br\/index.php?rest_route=\/wp\/v2\/posts\/158002\/revisions"}],"wp:featuredmedia":[{"embeddable":true,"href":"https:\/\/diarioregionaldigital.com.br\/index.php?rest_route=\/wp\/v2\/media\/158005"}],"wp:attachment":[{"href":"https:\/\/diarioregionaldigital.com.br\/index.php?rest_route=%2Fwp%2Fv2%2Fmedia&parent=158002"}],"wp:term":[{"taxonomy":"category","embeddable":true,"href":"https:\/\/diarioregionaldigital.com.br\/index.php?rest_route=%2Fwp%2Fv2%2Fcategories&post=158002"},{"taxonomy":"post_tag","embeddable":true,"href":"https:\/\/diarioregionaldigital.com.br\/index.php?rest_route=%2Fwp%2Fv2%2Ftags&post=158002"}],"curies":[{"name":"wp","href":"https:\/\/api.w.org\/{rel}","templated":true}]}}