{"id":157989,"date":"2020-04-06T17:14:24","date_gmt":"2020-04-06T20:14:24","guid":{"rendered":"https:\/\/diarioregionaldigital.com.br\/?p=157989"},"modified":"2020-04-06T17:14:24","modified_gmt":"2020-04-06T20:14:24","slug":"cnc-estima-queda-historica-de-vendas-na-pascoa","status":"publish","type":"post","link":"https:\/\/diarioregionaldigital.com.br\/?p=157989","title":{"rendered":"CNC estima queda hist\u00f3rica de vendas na P\u00e1scoa"},"content":{"rendered":"<p>As vendas da P\u00e1scoa em 2020 devem registrar queda hist\u00f3rica de 31,6% em rela\u00e7\u00e3o a 2019. Se for confirmada, representar\u00e1 perda de R$ 738 milh\u00f5es para o setor de com\u00e9rcio. A estimativa \u00e9 da Confedera\u00e7\u00e3o Nacional do Com\u00e9rcio de Bens, Servi\u00e7os e Turismo (CNC). O estudo da CNC, indica ainda que o faturamento do varejo deve alcan\u00e7ar R$ 1,5 bilh\u00e3o esse ano. No ano passado, ficou em R$ 2,3 bilh\u00f5es.<\/p>\n<p>A P\u00e1scoa \u00e9 uma das mais importantes datas do com\u00e9rcio brasileiro. O presidente da CNC, Jos\u00e9 Roberto Tadros, comentou que no in\u00edcio do ano este cen\u00e1rio era inimagin\u00e1vel e acrescentou que esse desempenho \u00e9 um efeito do isolamento social no setor.<\/p>\n<p>A medida foi indicada pelo Minist\u00e9rio da Sa\u00fade e adotado por governos estaduais e municipais no combate ao agravamento da contamina\u00e7\u00e3o. \u201cOs efeitos da pandemia de Covid-19 restringiram dramaticamente o fluxo de consumidores nas lojas. H\u00e1 registro de quedas de 35% no com\u00e9rcio de rua e de 50% nos <em>shopping centers<\/em> ao longo do m\u00eas passado\u201d, explicou.<\/p>\n<p>O economista da CNC, F\u00e1bio Bentes, respons\u00e1vel pelo estudo, destacou a influ\u00eancia do aumento do d\u00f3lar e a avers\u00e3o ao cr\u00e9dito, por parte do consumidor, para o consumo dos produtos considerados n\u00e3o essenciais. Na vis\u00e3o de Bentes, haver\u00e1 tamb\u00e9m efeitos no mercado de trabalho.<\/p>\n<p>\u201cEstes acabam sendo problemas de menor magnitude perto dos efeitos negativos que a crise dever\u00e1 provocar sobre o mercado de trabalho e, consequentemente, sobre a confian\u00e7a dos consumidores quanto ao consumo n\u00e3o essencial\u201d.<\/p>\n<p>&nbsp;<\/p>\n<p><strong>Fonte:\u00a0<\/strong>Ag\u00eancia Brasil<\/p>\n","protected":false},"excerpt":{"rendered":"<p>As vendas da P\u00e1scoa em 2020 devem registrar queda hist\u00f3rica de 31,6% em rela\u00e7\u00e3o a 2019. Se for confirmada, representar\u00e1 perda de R$ 738 milh\u00f5es para o setor de com\u00e9rcio. A estimativa \u00e9 da Confedera\u00e7\u00e3o Nacional do Com\u00e9rcio de Bens, Servi\u00e7os e Turismo (CNC). O estudo da CNC, indica ainda que o faturamento do varejo [&hellip;]<\/p>\n","protected":false},"author":96,"featured_media":157990,"comment_status":"closed","ping_status":"closed","sticky":false,"template":"","format":"standard","meta":{"footnotes":""},"categories":[436,261,439],"tags":[],"class_list":["post-157989","post","type-post","status-publish","format-standard","has-post-thumbnail","hentry","category-destaque-da-semana","category-economia","category-ultima-hora"],"_links":{"self":[{"href":"https:\/\/diarioregionaldigital.com.br\/index.php?rest_route=\/wp\/v2\/posts\/157989","targetHints":{"allow":["GET"]}}],"collection":[{"href":"https:\/\/diarioregionaldigital.com.br\/index.php?rest_route=\/wp\/v2\/posts"}],"about":[{"href":"https:\/\/diarioregionaldigital.com.br\/index.php?rest_route=\/wp\/v2\/types\/post"}],"author":[{"embeddable":true,"href":"https:\/\/diarioregionaldigital.com.br\/index.php?rest_route=\/wp\/v2\/users\/96"}],"replies":[{"embeddable":true,"href":"https:\/\/diarioregionaldigital.com.br\/index.php?rest_route=%2Fwp%2Fv2%2Fcomments&post=157989"}],"version-history":[{"count":0,"href":"https:\/\/diarioregionaldigital.com.br\/index.php?rest_route=\/wp\/v2\/posts\/157989\/revisions"}],"wp:featuredmedia":[{"embeddable":true,"href":"https:\/\/diarioregionaldigital.com.br\/index.php?rest_route=\/wp\/v2\/media\/157990"}],"wp:attachment":[{"href":"https:\/\/diarioregionaldigital.com.br\/index.php?rest_route=%2Fwp%2Fv2%2Fmedia&parent=157989"}],"wp:term":[{"taxonomy":"category","embeddable":true,"href":"https:\/\/diarioregionaldigital.com.br\/index.php?rest_route=%2Fwp%2Fv2%2Fcategories&post=157989"},{"taxonomy":"post_tag","embeddable":true,"href":"https:\/\/diarioregionaldigital.com.br\/index.php?rest_route=%2Fwp%2Fv2%2Ftags&post=157989"}],"curies":[{"name":"wp","href":"https:\/\/api.w.org\/{rel}","templated":true}]}}