{"id":157985,"date":"2020-04-06T17:05:47","date_gmt":"2020-04-06T20:05:47","guid":{"rendered":"https:\/\/diarioregionaldigital.com.br\/?p=157985"},"modified":"2020-04-06T17:05:47","modified_gmt":"2020-04-06T20:05:47","slug":"covid-19-brasil-tem-553-mortes-e-12-mil-casos-confirmados","status":"publish","type":"post","link":"https:\/\/diarioregionaldigital.com.br\/?p=157985","title":{"rendered":"Covid-19: Brasil tem 553 mortes e 12 mil casos confirmados"},"content":{"rendered":"<p>O Brasil chegou a 553 mortes em raz\u00e3o da pandemia do novo coronav\u00edrus, segundo atualiza\u00e7\u00e3o divulgada\u00a0<span id=\"OBJ_PREFIX_DWT1838_com_zimbra_date\" role=\"link\"><span id=\"OBJ_PREFIX_DWT1842_com_zimbra_date\" role=\"link\">hoje<\/span><\/span>\u00a0(6) pelo Minist\u00e9rio da Sa\u00fade. O n\u00famero representa um aumento de 13% em rela\u00e7\u00e3o a\u00a0<span id=\"OBJ_PREFIX_DWT1839_com_zimbra_date\" role=\"link\"><span id=\"OBJ_PREFIX_DWT1843_com_zimbra_date\" role=\"link\">ontem<\/span><\/span>, quando foram registrados 486 \u00f3bitos.<\/p>\n<p>S\u00e3o Paulo segue como epicentro da pandemia com mais da metade dos falecimentos de todo o pa\u00eds (304). O estado \u00e9 seguido por Rio<span id=\"OBJ_PREFIX_DWT1840_com_zimbra_date\" role=\"link\">\u00a0de Janeiro<\/span>\u00a0(71), Pernambuco (30), Cear\u00e1 (29) e Amazonas (19).<\/p>\n<p>Al\u00e9m disso, foram registradas mortes no Paran\u00e1 (11), Distrito Federal (10), Santa Catarina (10), Minas Gerais (9), Rio Grande do Norte (7), Rio Grande do Sul (7), Esp\u00edrito Santo (6), Goi\u00e1s (5), Para\u00edba (4), Sergipe (4), Piau\u00ed (4), Par\u00e1 (3), Maranh\u00e3o (2), Alagoas (2), Rond\u00f4nia (1), Roraima (1), Mato Grosso (1) e Mato Grosso do Sul (1).<\/p>\n<p>J\u00e1 o n\u00famero de casos passou a casa dos 12 mil (12.056). O n\u00famero marca um crescimento de 8% em rela\u00e7\u00e3o a\u00a0<span id=\"OBJ_PREFIX_DWT1841_com_zimbra_date\" role=\"link\"><span id=\"OBJ_PREFIX_DWT1844_com_zimbra_date\" role=\"link\">ontem<\/span><\/span>, quando o balan\u00e7o do Minist\u00e9rio da Sa\u00fade marcou 11.130. A taxa de letalidade do pa\u00eds ficou em 4,4%.<\/p>\n<p>&nbsp;<\/p>\n<p><strong>Fonte:\u00a0<\/strong>Ag\u00eancia Brasil<\/p>\n","protected":false},"excerpt":{"rendered":"<p>O Brasil chegou a 553 mortes em raz\u00e3o da pandemia do novo coronav\u00edrus, segundo atualiza\u00e7\u00e3o divulgada\u00a0hoje\u00a0(6) pelo Minist\u00e9rio da Sa\u00fade. O n\u00famero representa um aumento de 13% em rela\u00e7\u00e3o a\u00a0ontem, quando foram registrados 486 \u00f3bitos. S\u00e3o Paulo segue como epicentro da pandemia com mais da metade dos falecimentos de todo o pa\u00eds (304). O estado [&hellip;]<\/p>\n","protected":false},"author":96,"featured_media":157776,"comment_status":"closed","ping_status":"closed","sticky":false,"template":"","format":"standard","meta":{"footnotes":""},"categories":[302,436,440,439],"tags":[],"class_list":["post-157985","post","type-post","status-publish","format-standard","has-post-thumbnail","hentry","category-brasil-mundo","category-destaque-da-semana","category-destaques-do-dia","category-ultima-hora"],"_links":{"self":[{"href":"https:\/\/diarioregionaldigital.com.br\/index.php?rest_route=\/wp\/v2\/posts\/157985","targetHints":{"allow":["GET"]}}],"collection":[{"href":"https:\/\/diarioregionaldigital.com.br\/index.php?rest_route=\/wp\/v2\/posts"}],"about":[{"href":"https:\/\/diarioregionaldigital.com.br\/index.php?rest_route=\/wp\/v2\/types\/post"}],"author":[{"embeddable":true,"href":"https:\/\/diarioregionaldigital.com.br\/index.php?rest_route=\/wp\/v2\/users\/96"}],"replies":[{"embeddable":true,"href":"https:\/\/diarioregionaldigital.com.br\/index.php?rest_route=%2Fwp%2Fv2%2Fcomments&post=157985"}],"version-history":[{"count":0,"href":"https:\/\/diarioregionaldigital.com.br\/index.php?rest_route=\/wp\/v2\/posts\/157985\/revisions"}],"wp:featuredmedia":[{"embeddable":true,"href":"https:\/\/diarioregionaldigital.com.br\/index.php?rest_route=\/wp\/v2\/media\/157776"}],"wp:attachment":[{"href":"https:\/\/diarioregionaldigital.com.br\/index.php?rest_route=%2Fwp%2Fv2%2Fmedia&parent=157985"}],"wp:term":[{"taxonomy":"category","embeddable":true,"href":"https:\/\/diarioregionaldigital.com.br\/index.php?rest_route=%2Fwp%2Fv2%2Fcategories&post=157985"},{"taxonomy":"post_tag","embeddable":true,"href":"https:\/\/diarioregionaldigital.com.br\/index.php?rest_route=%2Fwp%2Fv2%2Ftags&post=157985"}],"curies":[{"name":"wp","href":"https:\/\/api.w.org\/{rel}","templated":true}]}}