{"id":157983,"date":"2020-04-06T16:14:49","date_gmt":"2020-04-06T19:14:49","guid":{"rendered":"https:\/\/diarioregionaldigital.com.br\/?p=157983"},"modified":"2020-04-06T16:14:49","modified_gmt":"2020-04-06T19:14:49","slug":"mudanca-na-ldo-para-facilitar-gastos-com-a-pandemia-e-sancionada-com-um-veto","status":"publish","type":"post","link":"https:\/\/diarioregionaldigital.com.br\/?p=157983","title":{"rendered":"Mudan\u00e7a na LDO para facilitar gastos com a pandemia \u00e9 sancionada com um veto"},"content":{"rendered":"<p>O presidente Jair Bolsonaro sancionou a Lei 13.983\/2020, que facilita os gastos do governo no combate \u00e0 pandemia de coronav\u00edrus e regulamenta a execu\u00e7\u00e3o de emendas impositivas. A norma foi publicada em edi\u00e7\u00e3o extra do <em>Di\u00e1rio Oficial da Uni\u00e3o<\/em>.<\/p>\n<p>Agora o Executivo vai ter margem or\u00e7ament\u00e1ria para aumentar gastos para lidar com as consequ\u00eancias econ\u00f4micas, sociais e de sa\u00fade p\u00fablica da doen\u00e7a, uma vez que as altera\u00e7\u00f5es ajustam a Lei de Diretrizes Or\u00e7ament\u00e1rias (LDO) ao estado de calamidade reconhecido pelo Congresso Nacional em mar\u00e7o.<\/p>\n<p>Foi mantida a meta para o deficit prim\u00e1rio do governo central em R$ 124,1 bilh\u00f5es (Tesouro Nacional, Previd\u00eancia Social, Banco Central) e em R$ 3,8 bilh\u00f5es (disp\u00eandios com estatais), mas foi inserida a previs\u00e3o de um deficit prim\u00e1rio de R$ 30,8 bilh\u00f5es para estados e munic\u00edpios neste ano. Com as mudan\u00e7as, o setor p\u00fablico consolidado, conforme a LDO, ter\u00e1 como meta um deficit de R$ 158,7 bilh\u00f5es.<\/p>\n<p>Ainda assim, o estado de calamidade p\u00fablica dispensa o cumprimento dessas metas fiscais em 2020. O governo j\u00e1 estimou que as a\u00e7\u00f5es de combate aos efeitos da covid-19 devem fazer com que as despesas superem as receitas em R$ 400 bilh\u00f5es.<\/p>\n<p><strong>Veto<\/strong><\/p>\n<p>A Lei 13.983 trata tamb\u00e9m das emendas de execu\u00e7\u00e3o obrigat\u00f3rias individuais e de bancadas estaduais, inserindo hip\u00f3teses para impedir a execu\u00e7\u00e3o das mesmas. Impedimentos de ordem t\u00e9cnica, como a aus\u00eancia de projeto de engenharia aprovado pelo \u00f3rg\u00e3o setorial respons\u00e1vel, est\u00e3o entre as hip\u00f3teses.<\/p>\n<p>A regulamenta\u00e7\u00e3o de tais emendas faz parte do acordo firmado com o governo federal que permitiu a manuten\u00e7\u00e3o, pelo Congresso, do veto imposto pelo presidente Jair Bolsonaro \u00e0s emendas impositivas do relator-geral do Or\u00e7amento de 2020.<\/p>\n<p>Depois de ouvir o Minist\u00e9rio da Economia, o presidente vetou apenas um ponto da lei: o que altera crit\u00e9rios das emendas de bancadas de natureza prim\u00e1ria e discricion\u00e1ria. Conforme o Executivo, h\u00e1 ofensa ao interesse p\u00fablico, uma vez que a &#8220;proposta prejudica a rastreabilidade e transpar\u00eancia dos crit\u00e9rios utilizados para limita\u00e7\u00e3o de cada programa\u00e7\u00e3o or\u00e7ament\u00e1ria&#8221;.<\/p>\n<p><strong>Congresso<\/strong><\/p>\n<p>A norma que acaba de ser sancionada pelo presidente Jair Bolsonaro \u00e9 resultado do Projeto de Lei do Congresso Nacional (PLN 2\/2020), aprovado em uma sess\u00e3o remota (via internet) por deputados e senadores no dia 2 de abril. Na C\u00e2mara, a proposta recebeu 441 votos favor\u00e1veis e somente um contr\u00e1rio. No Senado, foram 78 votos a favor e nenhum contr\u00e1rio. O relator do projeto no Senado foi o senador Eduardo Gomes (MDB-TO), que \u00e9 o l\u00edder do governo no Congresso.<\/p>\n<p>&nbsp;<\/p>\n<p><strong>Fonte:\u00a0<\/strong>Ag\u00eancia Senado<\/p>\n","protected":false},"excerpt":{"rendered":"<p>O presidente Jair Bolsonaro sancionou a Lei 13.983\/2020, que facilita os gastos do governo no combate \u00e0 pandemia de coronav\u00edrus e regulamenta a execu\u00e7\u00e3o de emendas impositivas. A norma foi publicada em edi\u00e7\u00e3o extra do Di\u00e1rio Oficial da Uni\u00e3o. Agora o Executivo vai ter margem or\u00e7ament\u00e1ria para aumentar gastos para lidar com as consequ\u00eancias econ\u00f4micas, [&hellip;]<\/p>\n","protected":false},"author":96,"featured_media":154672,"comment_status":"closed","ping_status":"closed","sticky":false,"template":"","format":"standard","meta":{"footnotes":""},"categories":[436,254,439],"tags":[],"class_list":["post-157983","post","type-post","status-publish","format-standard","has-post-thumbnail","hentry","category-destaque-da-semana","category-politica","category-ultima-hora"],"_links":{"self":[{"href":"https:\/\/diarioregionaldigital.com.br\/index.php?rest_route=\/wp\/v2\/posts\/157983","targetHints":{"allow":["GET"]}}],"collection":[{"href":"https:\/\/diarioregionaldigital.com.br\/index.php?rest_route=\/wp\/v2\/posts"}],"about":[{"href":"https:\/\/diarioregionaldigital.com.br\/index.php?rest_route=\/wp\/v2\/types\/post"}],"author":[{"embeddable":true,"href":"https:\/\/diarioregionaldigital.com.br\/index.php?rest_route=\/wp\/v2\/users\/96"}],"replies":[{"embeddable":true,"href":"https:\/\/diarioregionaldigital.com.br\/index.php?rest_route=%2Fwp%2Fv2%2Fcomments&post=157983"}],"version-history":[{"count":0,"href":"https:\/\/diarioregionaldigital.com.br\/index.php?rest_route=\/wp\/v2\/posts\/157983\/revisions"}],"wp:featuredmedia":[{"embeddable":true,"href":"https:\/\/diarioregionaldigital.com.br\/index.php?rest_route=\/wp\/v2\/media\/154672"}],"wp:attachment":[{"href":"https:\/\/diarioregionaldigital.com.br\/index.php?rest_route=%2Fwp%2Fv2%2Fmedia&parent=157983"}],"wp:term":[{"taxonomy":"category","embeddable":true,"href":"https:\/\/diarioregionaldigital.com.br\/index.php?rest_route=%2Fwp%2Fv2%2Fcategories&post=157983"},{"taxonomy":"post_tag","embeddable":true,"href":"https:\/\/diarioregionaldigital.com.br\/index.php?rest_route=%2Fwp%2Fv2%2Ftags&post=157983"}],"curies":[{"name":"wp","href":"https:\/\/api.w.org\/{rel}","templated":true}]}}