{"id":157980,"date":"2020-04-06T16:12:05","date_gmt":"2020-04-06T19:12:05","guid":{"rendered":"https:\/\/diarioregionaldigital.com.br\/?p=157980"},"modified":"2020-04-06T16:12:05","modified_gmt":"2020-04-06T19:12:05","slug":"mec-autoriza-antecipar-formatura-de-alunos-da-area-de-saude","status":"publish","type":"post","link":"https:\/\/diarioregionaldigital.com.br\/?p=157980","title":{"rendered":"MEC autoriza antecipar formatura de alunos da \u00e1rea de sa\u00fade"},"content":{"rendered":"<p>O Minist\u00e9rio da Educa\u00e7\u00e3o autorizou a formatura de alunos dos cursos de medicina, enfermagem, farm\u00e1cia e fisioterapia, exclusivamente para atua\u00e7\u00e3o desses profissionais nas a\u00e7\u00f5es de combate \u00e0 pandemia do novo coronav\u00edrus. A Portaria n\u00ba 374\/2020 foi publicada nessa segunda-feira (6) no <em>Di\u00e1rio Oficial da Uni\u00e3o<\/em>.<\/p>\n<p>A medida vale para institui\u00e7\u00f5es federais de ensino e tem car\u00e1ter excepcional, enquanto durar a situa\u00e7\u00e3o de emerg\u00eancia de sa\u00fade p\u00fablica. Para antecipar a cola\u00e7\u00e3o de grau, os alunos precisam ter cumprido 75% da carga hor\u00e1ria prevista para o per\u00edodo de internato m\u00e9dico ou est\u00e1gio supervisionado.<\/p>\n<p>O internato m\u00e9dico \u00e9 o per\u00edodo de dois anos de est\u00e1gio curricular obrigat\u00f3rio para os estudantes de medicina. J\u00e1 o est\u00e1gio obrigat\u00f3rio supervisionado para os cursos de enfermagem, farm\u00e1cia e fisioterapia equivalente a 20% da carga hor\u00e1ria total do curso.<\/p>\n<p>A sele\u00e7\u00e3o e aloca\u00e7\u00e3o dos profissionais ser\u00e1 articulada com os \u00f3rg\u00e3o de sa\u00fade municipais, estadusia e distritais.<\/p>\n<p>De acordo com a portaria, a carga hor\u00e1ria dedicada pelos profissionais no esfor\u00e7o de conten\u00e7\u00e3o da pandemia dever\u00e1 ser computada pelas institui\u00e7\u00f5es de ensino para complementa\u00e7\u00e3o das horas devidas de est\u00e1gio obrigat\u00f3rio, para a obten\u00e7\u00e3o do registro profissional definitivo. A atua\u00e7\u00e3o dos profissionais tamb\u00e9m ser\u00e1 bonificada, uma \u00fanica vez, com o acr\u00e9scimo de 10% na nota final do processo de sele\u00e7\u00e3o p\u00fablica para o ingresso nos programas de resid\u00eancia.<\/p>\n<p>Na semana passada, o governo encaminhou ao Congresso a Medida Provis\u00f3ria (MP) n\u00ba 934\/2020 que estabelece normas excepcionais sobre o ano letivo da educa\u00e7\u00e3o b\u00e1sica e do ensino superior. Nela est\u00e1 previsto que institui\u00e7\u00f5es de educa\u00e7\u00e3o superior poder\u00e3o abreviar a dura\u00e7\u00e3o desses cursos, desde que o aluno cumpra, no m\u00ednimo, 75% da carga hor\u00e1ria do internato do curso de medicina ou do est\u00e1gio curricular obrigat\u00f3rio dos cursos de enfermagem, farm\u00e1cia e fisioterapia.<\/p>\n<p>&nbsp;<\/p>\n<p><strong>Fonte:\u00a0<\/strong>Ag\u00eancia Brasil<\/p>\n","protected":false},"excerpt":{"rendered":"<p>O Minist\u00e9rio da Educa\u00e7\u00e3o autorizou a formatura de alunos dos cursos de medicina, enfermagem, farm\u00e1cia e fisioterapia, exclusivamente para atua\u00e7\u00e3o desses profissionais nas a\u00e7\u00f5es de combate \u00e0 pandemia do novo coronav\u00edrus. A Portaria n\u00ba 374\/2020 foi publicada nessa segunda-feira (6) no Di\u00e1rio Oficial da Uni\u00e3o. A medida vale para institui\u00e7\u00f5es federais de ensino e tem [&hellip;]<\/p>\n","protected":false},"author":96,"featured_media":157981,"comment_status":"closed","ping_status":"closed","sticky":false,"template":"","format":"standard","meta":{"footnotes":""},"categories":[436,254,439],"tags":[],"class_list":["post-157980","post","type-post","status-publish","format-standard","has-post-thumbnail","hentry","category-destaque-da-semana","category-politica","category-ultima-hora"],"_links":{"self":[{"href":"https:\/\/diarioregionaldigital.com.br\/index.php?rest_route=\/wp\/v2\/posts\/157980","targetHints":{"allow":["GET"]}}],"collection":[{"href":"https:\/\/diarioregionaldigital.com.br\/index.php?rest_route=\/wp\/v2\/posts"}],"about":[{"href":"https:\/\/diarioregionaldigital.com.br\/index.php?rest_route=\/wp\/v2\/types\/post"}],"author":[{"embeddable":true,"href":"https:\/\/diarioregionaldigital.com.br\/index.php?rest_route=\/wp\/v2\/users\/96"}],"replies":[{"embeddable":true,"href":"https:\/\/diarioregionaldigital.com.br\/index.php?rest_route=%2Fwp%2Fv2%2Fcomments&post=157980"}],"version-history":[{"count":0,"href":"https:\/\/diarioregionaldigital.com.br\/index.php?rest_route=\/wp\/v2\/posts\/157980\/revisions"}],"wp:featuredmedia":[{"embeddable":true,"href":"https:\/\/diarioregionaldigital.com.br\/index.php?rest_route=\/wp\/v2\/media\/157981"}],"wp:attachment":[{"href":"https:\/\/diarioregionaldigital.com.br\/index.php?rest_route=%2Fwp%2Fv2%2Fmedia&parent=157980"}],"wp:term":[{"taxonomy":"category","embeddable":true,"href":"https:\/\/diarioregionaldigital.com.br\/index.php?rest_route=%2Fwp%2Fv2%2Fcategories&post=157980"},{"taxonomy":"post_tag","embeddable":true,"href":"https:\/\/diarioregionaldigital.com.br\/index.php?rest_route=%2Fwp%2Fv2%2Ftags&post=157980"}],"curies":[{"name":"wp","href":"https:\/\/api.w.org\/{rel}","templated":true}]}}