{"id":157977,"date":"2020-04-06T16:10:19","date_gmt":"2020-04-06T19:10:19","guid":{"rendered":"https:\/\/diarioregionaldigital.com.br\/?p=157977"},"modified":"2020-04-06T16:10:19","modified_gmt":"2020-04-06T19:10:19","slug":"individuo-procurado-pela-pm-e-preso-na-barreira-do-triunfo","status":"publish","type":"post","link":"https:\/\/diarioregionaldigital.com.br\/?p=157977","title":{"rendered":"Indiv\u00edduo procurado pela PM \u00e9 preso na Barreira do Triunfo"},"content":{"rendered":"<p>A Pol\u00edcia Militar (PM), prendeu nessa segunda-feira (6), um infrator envolvido nos crimes de homic\u00eddio e tr\u00e1fico de drogas nas cidades de Barbacena e Juiz de Fora. Segundo informa\u00e7\u00f5es da PM, o autor estaria vindo de Barbacena em um autom\u00f3vel e o mesmo foi abordado na Barreira do Triunfo (Regi\u00e3o Nordeste).<\/p>\n<p>Durante as buscas pelo ve\u00edculo, os policiais encontraram um outro indiv\u00edduo no banco do carona, R$ 8.150,00 em dinheiro, um rev\u00f3lver, carregado com cinco proj\u00e9teis e seis muni\u00e7\u00f5es calibre 38, o qual estava escondido atr\u00e1s do painel do ve\u00edculo.<\/p>\n<p>Os policiais foram at\u00e9 a resid\u00eancia de um dos autores e ap\u00f3s realizar buscas pelo im\u00f3vel, foram localizadas 70 muni\u00e7\u00f5es calibre 12, um inv\u00f3lucro grande de maconha, 20 pacotes contendo subst\u00e2ncias semelhantes a \u00e1cido b\u00f3rico e 10 Kg de coca\u00edna.<\/p>\n<p>Os autores foram presos e conduzidos para a Delegacia, junto com os materiais apreendidos, para devidas provid\u00eancias.<\/p>\n<p>&nbsp;<\/p>\n<p>&nbsp;<\/p>\n","protected":false},"excerpt":{"rendered":"<p>A Pol\u00edcia Militar (PM), prendeu nessa segunda-feira (6), um infrator envolvido nos crimes de homic\u00eddio e tr\u00e1fico de drogas nas cidades de Barbacena e Juiz de Fora. Segundo informa\u00e7\u00f5es da PM, o autor estaria vindo de Barbacena em um autom\u00f3vel e o mesmo foi abordado na Barreira do Triunfo (Regi\u00e3o Nordeste). Durante as buscas pelo [&hellip;]<\/p>\n","protected":false},"author":96,"featured_media":157978,"comment_status":"closed","ping_status":"closed","sticky":false,"template":"","format":"standard","meta":{"footnotes":""},"categories":[301,436,439],"tags":[],"class_list":["post-157977","post","type-post","status-publish","format-standard","has-post-thumbnail","hentry","category-artigos-policiais","category-destaque-da-semana","category-ultima-hora"],"_links":{"self":[{"href":"https:\/\/diarioregionaldigital.com.br\/index.php?rest_route=\/wp\/v2\/posts\/157977","targetHints":{"allow":["GET"]}}],"collection":[{"href":"https:\/\/diarioregionaldigital.com.br\/index.php?rest_route=\/wp\/v2\/posts"}],"about":[{"href":"https:\/\/diarioregionaldigital.com.br\/index.php?rest_route=\/wp\/v2\/types\/post"}],"author":[{"embeddable":true,"href":"https:\/\/diarioregionaldigital.com.br\/index.php?rest_route=\/wp\/v2\/users\/96"}],"replies":[{"embeddable":true,"href":"https:\/\/diarioregionaldigital.com.br\/index.php?rest_route=%2Fwp%2Fv2%2Fcomments&post=157977"}],"version-history":[{"count":0,"href":"https:\/\/diarioregionaldigital.com.br\/index.php?rest_route=\/wp\/v2\/posts\/157977\/revisions"}],"wp:featuredmedia":[{"embeddable":true,"href":"https:\/\/diarioregionaldigital.com.br\/index.php?rest_route=\/wp\/v2\/media\/157978"}],"wp:attachment":[{"href":"https:\/\/diarioregionaldigital.com.br\/index.php?rest_route=%2Fwp%2Fv2%2Fmedia&parent=157977"}],"wp:term":[{"taxonomy":"category","embeddable":true,"href":"https:\/\/diarioregionaldigital.com.br\/index.php?rest_route=%2Fwp%2Fv2%2Fcategories&post=157977"},{"taxonomy":"post_tag","embeddable":true,"href":"https:\/\/diarioregionaldigital.com.br\/index.php?rest_route=%2Fwp%2Fv2%2Ftags&post=157977"}],"curies":[{"name":"wp","href":"https:\/\/api.w.org\/{rel}","templated":true}]}}