{"id":157971,"date":"2020-04-06T16:04:16","date_gmt":"2020-04-06T19:04:16","guid":{"rendered":"https:\/\/diarioregionaldigital.com.br\/?p=157971"},"modified":"2020-04-06T16:09:40","modified_gmt":"2020-04-06T19:09:40","slug":"marcus-david-e-reconduzido-ao-cargo-de-reitor-da-ufjf","status":"publish","type":"post","link":"https:\/\/diarioregionaldigital.com.br\/?p=157971","title":{"rendered":"Marcus David \u00e9 reconduzido ao cargo de reitor da UFJF"},"content":{"rendered":"<p><span style=\"font-weight: 400;\">O reitor da Universidade Federal de Juiz de Fora (UFJF) Marcus Vinicius David foi reconduzido ao cargo ap\u00f3s <\/span><span style=\"font-weight: 400;\">decreto do governo federal<\/span><span style=\"font-weight: 400;\"> publicado nessa segunda-feira (6). Marcus David estar\u00e1 \u00e0 frente da Universidade durante o pr\u00f3ximo quadri\u00eanio (2020-2024). Na manh\u00e3 dessa segunda-feira (6), o reitor e a vice-reitora Girlene Alves concederam entrevista coletiva \u00e0 imprensa sobre a recondu\u00e7\u00e3o e temas como o enfrentamento \u00e0 Covid-19 e sobre a suspens\u00e3o do calend\u00e1rio acad\u00eamico.<\/span><\/p>\n<p><span style=\"font-weight: 400;\">Marcus David abriu a coletiva alertando sobre o grave momento vivido pelo pa\u00eds e apontou a import\u00e2ncia da nomea\u00e7\u00e3o para mais quatro anos a frente da UFJF. \u201cFaremos um esfor\u00e7o rumo \u00e0 excel\u00eancia de ensino desta institui\u00e7\u00e3o. \u00c9 fundamental garantir a moderniza\u00e7\u00e3o da gest\u00e3o com o uso de tecnologias de informa\u00e7\u00e3o, realizar atividades voltadas para a sustentabilidade, continuar atuando intensamente na \u00e1rea de inova\u00e7\u00e3o junto ao ensino e a pesquisa e ampliar o acesso da popula\u00e7\u00e3o \u00e0s a\u00e7\u00f5es culturais e de extens\u00e3o. Tamb\u00e9m pretendemos dar continuidade \u00e0s condutas que beneficiam os servidores desta casa, al\u00e9m de trabalharmos para oferecer assist\u00eancia, condi\u00e7\u00f5es de perman\u00eancia e a\u00e7\u00f5es afirmativas para a classe estudantil.\u201d<\/span><\/p>\n<p><span style=\"font-weight: 400;\">O reitor afirmou que, embora o novo mandato traga in\u00fameros desafios, a prioridade atual \u00e9 tomar decis\u00f5es e fomentar condutas de enfrentamento ao novo coronav\u00edrus. Al\u00e9m disso, explicou sobre o atual cen\u00e1rio do calend\u00e1rio acad\u00eamico. \u201cAinda n\u00e3o temos uma defini\u00e7\u00e3o, pois n\u00e3o h\u00e1 desfecho da situa\u00e7\u00e3o. \u00c9 uma quest\u00e3o nova para todo o sistema educacional. Nossa preocupa\u00e7\u00e3o est\u00e1 em criar a\u00e7\u00f5es para auxiliar o munic\u00edpio neste momento de crise, sendo que esse \u00e9 o tema priorit\u00e1rio da nossa agenda. As poss\u00edveis mudan\u00e7as e reestrutura\u00e7\u00f5es ficar\u00e3o adiadas para o per\u00edodo posterior ao enfrentamento da pandemia, quando pensaremos em ajustes e melhorias da gest\u00e3o. Registro a satisfa\u00e7\u00e3o pela nomea\u00e7\u00e3o, mas temos a clareza dos desafios que vir\u00e3o pela frente.\u201d<\/span><\/p>\n<p><span style=\"font-weight: 400;\">A vice-reitora, Girlene Alves, reafirmou o papel importante de toda a sociedade durante o processo eleitoral ao reitorado, acompanhando e fazendo parte da gest\u00e3o. Al\u00e9m disso, reconheceu o papel de primazia da UFJF para a melhoria da cidade. \u201cA Universidade tem sinalizado todo o potencial para melhorar a vida da popula\u00e7\u00e3o. Reafirmamos para o novo mandato pautas caras para n\u00f3s, como prezar e respeitar as diversidades e as diferen\u00e7as e o compromisso de atender a popula\u00e7\u00e3o mais vulner\u00e1vel. S\u00e3o assuntos que temos enfrentado e continuam vivos nas nossas agendas.\u201d<\/span><\/p>\n<p><span style=\"font-weight: 400;\">Ao final da coletiva foi exibido um v\u00eddeo com representantes da Associa\u00e7\u00e3o Nacional dos Dirigentes das Institui\u00e7\u00f5es Federais de Ensino Superior (Andifes), do F\u00f3rum das Institui\u00e7\u00f5es P\u00fablicas de Ensino Superior do Estado de Minas Gerais (Foripes) e de outros reitores de universidades federais que parabenizaram a nomea\u00e7\u00e3o e reconheceram que Marcus David e Girlene Alves contribuem para o enfrentamento de crises vividas pelo Brasil, sendo atuantes na defesa das universidades federais.<\/span><\/p>\n<p>&nbsp;<\/p>\n<p><strong>Fonte:\u00a0<\/strong>Assessoria<\/p>\n","protected":false},"excerpt":{"rendered":"<p>O reitor da Universidade Federal de Juiz de Fora (UFJF) Marcus Vinicius David foi reconduzido ao cargo ap\u00f3s decreto do governo federal publicado nessa segunda-feira (6). Marcus David estar\u00e1 \u00e0 frente da Universidade durante o pr\u00f3ximo quadri\u00eanio (2020-2024). Na manh\u00e3 dessa segunda-feira (6), o reitor e a vice-reitora Girlene Alves concederam entrevista coletiva \u00e0 imprensa [&hellip;]<\/p>\n","protected":false},"author":96,"featured_media":157972,"comment_status":"closed","ping_status":"closed","sticky":false,"template":"","format":"standard","meta":{"footnotes":""},"categories":[253,436,440,439],"tags":[],"class_list":["post-157971","post","type-post","status-publish","format-standard","has-post-thumbnail","hentry","category-cidade","category-destaque-da-semana","category-destaques-do-dia","category-ultima-hora"],"_links":{"self":[{"href":"https:\/\/diarioregionaldigital.com.br\/index.php?rest_route=\/wp\/v2\/posts\/157971","targetHints":{"allow":["GET"]}}],"collection":[{"href":"https:\/\/diarioregionaldigital.com.br\/index.php?rest_route=\/wp\/v2\/posts"}],"about":[{"href":"https:\/\/diarioregionaldigital.com.br\/index.php?rest_route=\/wp\/v2\/types\/post"}],"author":[{"embeddable":true,"href":"https:\/\/diarioregionaldigital.com.br\/index.php?rest_route=\/wp\/v2\/users\/96"}],"replies":[{"embeddable":true,"href":"https:\/\/diarioregionaldigital.com.br\/index.php?rest_route=%2Fwp%2Fv2%2Fcomments&post=157971"}],"version-history":[{"count":0,"href":"https:\/\/diarioregionaldigital.com.br\/index.php?rest_route=\/wp\/v2\/posts\/157971\/revisions"}],"wp:featuredmedia":[{"embeddable":true,"href":"https:\/\/diarioregionaldigital.com.br\/index.php?rest_route=\/wp\/v2\/media\/157972"}],"wp:attachment":[{"href":"https:\/\/diarioregionaldigital.com.br\/index.php?rest_route=%2Fwp%2Fv2%2Fmedia&parent=157971"}],"wp:term":[{"taxonomy":"category","embeddable":true,"href":"https:\/\/diarioregionaldigital.com.br\/index.php?rest_route=%2Fwp%2Fv2%2Fcategories&post=157971"},{"taxonomy":"post_tag","embeddable":true,"href":"https:\/\/diarioregionaldigital.com.br\/index.php?rest_route=%2Fwp%2Fv2%2Ftags&post=157971"}],"curies":[{"name":"wp","href":"https:\/\/api.w.org\/{rel}","templated":true}]}}