{"id":157969,"date":"2020-04-06T14:34:15","date_gmt":"2020-04-06T17:34:15","guid":{"rendered":"https:\/\/diarioregionaldigital.com.br\/?p=157969"},"modified":"2020-04-06T14:34:15","modified_gmt":"2020-04-06T17:34:15","slug":"minas-gerais-tem-8-mortes-confirmadas-de-coronavirus","status":"publish","type":"post","link":"https:\/\/diarioregionaldigital.com.br\/?p=157969","title":{"rendered":"Minas Gerais tem 8 mortes confirmadas de Coronav\u00edrus"},"content":{"rendered":"<p>A Secretaria de Estado da Sa\u00fade de Minas Gerais (SES-MG), confirmou nesta segunda-feira (6) o oitavo \u00f3bito causado por Coronav\u00edrus pelo estado. Segundo o boletim, as v\u00edtimas s\u00e3o de Belo Horizonte (4), Uberl\u00e2ndia (2), Mariana (1), Montes Claros (1) e Ouro Fino (1). At\u00e9 o momento existem 48.847 casos da doen\u00e7a, sendo que 47.715 s\u00e3o suspeitos, 524 est\u00e3o confirmados, 576 descartados e 119 \u00f3bitos em investiga\u00e7\u00e3o.<\/p>\n<p><span style=\"font-weight: 400;\">Os dados atualizados agora s\u00e3o: Alfenas (1), <\/span><b>Araguari (2), Arcos (1), <\/b><span style=\"font-weight: 400;\">Barbacena (1),<\/span><b> Belo Horizonte (260)<\/b><span style=\"font-weight: 400;\">, <\/span><b>Betim (6),<\/b><span style=\"font-weight: 400;\"> Boa Esperan\u00e7a (1), Bom Despacho (1), <\/span><b>Cambu\u00ed (1), <\/b><span style=\"font-weight: 400;\">Campo Belo (1)<\/span><b>,<\/b><span style=\"font-weight: 400;\"> Campos Altos (1), Capit\u00f3lio (1),<\/span><b> Carmo da Cachoeira (1), <\/b><span style=\"font-weight: 400;\">Carmo do Cajuru (1), <\/span><b>Centralina (1),Contagem (13)<\/b><span style=\"font-weight: 400;\">, Coronel Fabriciano (1), <\/span><b>Diniv\u00e9sia (1),<\/b> <b>Divin\u00f3polis (15)<\/b><span style=\"font-weight: 400;\">, <\/span><b>Esmeraldas (1),<\/b><span style=\"font-weight: 400;\"> Extrema (1)<\/span><b>, Formiga (1), Frutal (1), <\/b><span style=\"font-weight: 400;\">Governador Valadares (2), Guimar\u00e2nia (1), Ipatinga (1), <\/span><b>Itabira (1), Jana\u00faba (2), Jeceaba (1),<\/b> <b>Juiz de Fora (39)<\/b><span style=\"font-weight: 400;\">, Lagoa da Prata (5), <\/span><b>Lavras (3),<\/b> <b>Machado (1), <\/b><span style=\"font-weight: 400;\">Manhua\u00e7u (1)<\/span><b>, <\/b><span style=\"font-weight: 400;\">Mariana (2), <\/span><b>Matozinhos (1), Montes Claros (\u00f3bito confirmado), Muria\u00e9 (4)<\/b><span style=\"font-weight: 400;\">, <\/span><b>Nova Lima (37)<\/b><span style=\"font-weight: 400;\">, <\/span><b>Ouro Fino (\u00f3bito confirmado), Paracatu (1), Parais\u00f3polis (1), Patos de Minas (4), Patroc\u00ednio (5)<\/b><span style=\"font-weight: 400;\">, Po\u00e7os de Caldas (2),<\/span><b> Pouso Alegre (5), Ribeir\u00e3o das Neves (1),<\/b><span style=\"font-weight: 400;\"> Sabar\u00e1 (4), Santa Luzia (1), Santana do Para\u00edso (1), Santo Ant\u00f4nio do Monte (2), S\u00e3o Jo\u00e3o Del Rei (3),<\/span><b> Sarzedo (1), Senador Amaral (1), <\/b><span style=\"font-weight: 400;\">Serra do Saltire (1),<\/span><b> Sete Lagoas (3),<\/b> <b>Tim\u00f3teo (3),<\/b><span style=\"font-weight: 400;\"> Toledo (1),<\/span><b> Ub\u00e1 (1),<\/b> <b>Uberaba (11)<\/b><span style=\"font-weight: 400;\">, <\/span><b>Uberl\u00e2ndia (33),<\/b><span style=\"font-weight: 400;\"> Una\u00ed (1), <\/span><b>Varginha (4)<\/b><span style=\"font-weight: 400;\"> e outros munic\u00edpios em investiga\u00e7\u00e3o (9).<\/span><\/p>\n","protected":false},"excerpt":{"rendered":"<p>A Secretaria de Estado da Sa\u00fade de Minas Gerais (SES-MG), confirmou nesta segunda-feira (6) o oitavo \u00f3bito causado por Coronav\u00edrus pelo estado. Segundo o boletim, as v\u00edtimas s\u00e3o de Belo Horizonte (4), Uberl\u00e2ndia (2), Mariana (1), Montes Claros (1) e Ouro Fino (1). At\u00e9 o momento existem 48.847 casos da doen\u00e7a, sendo que 47.715 s\u00e3o [&hellip;]<\/p>\n","protected":false},"author":96,"featured_media":157620,"comment_status":"closed","ping_status":"closed","sticky":false,"template":"","format":"standard","meta":{"footnotes":""},"categories":[436,440,252,439],"tags":[],"class_list":["post-157969","post","type-post","status-publish","format-standard","has-post-thumbnail","hentry","category-destaque-da-semana","category-destaques-do-dia","category-regiao","category-ultima-hora"],"_links":{"self":[{"href":"https:\/\/diarioregionaldigital.com.br\/index.php?rest_route=\/wp\/v2\/posts\/157969","targetHints":{"allow":["GET"]}}],"collection":[{"href":"https:\/\/diarioregionaldigital.com.br\/index.php?rest_route=\/wp\/v2\/posts"}],"about":[{"href":"https:\/\/diarioregionaldigital.com.br\/index.php?rest_route=\/wp\/v2\/types\/post"}],"author":[{"embeddable":true,"href":"https:\/\/diarioregionaldigital.com.br\/index.php?rest_route=\/wp\/v2\/users\/96"}],"replies":[{"embeddable":true,"href":"https:\/\/diarioregionaldigital.com.br\/index.php?rest_route=%2Fwp%2Fv2%2Fcomments&post=157969"}],"version-history":[{"count":0,"href":"https:\/\/diarioregionaldigital.com.br\/index.php?rest_route=\/wp\/v2\/posts\/157969\/revisions"}],"wp:featuredmedia":[{"embeddable":true,"href":"https:\/\/diarioregionaldigital.com.br\/index.php?rest_route=\/wp\/v2\/media\/157620"}],"wp:attachment":[{"href":"https:\/\/diarioregionaldigital.com.br\/index.php?rest_route=%2Fwp%2Fv2%2Fmedia&parent=157969"}],"wp:term":[{"taxonomy":"category","embeddable":true,"href":"https:\/\/diarioregionaldigital.com.br\/index.php?rest_route=%2Fwp%2Fv2%2Fcategories&post=157969"},{"taxonomy":"post_tag","embeddable":true,"href":"https:\/\/diarioregionaldigital.com.br\/index.php?rest_route=%2Fwp%2Fv2%2Ftags&post=157969"}],"curies":[{"name":"wp","href":"https:\/\/api.w.org\/{rel}","templated":true}]}}