{"id":157966,"date":"2020-04-06T14:02:28","date_gmt":"2020-04-06T17:02:28","guid":{"rendered":"https:\/\/diarioregionaldigital.com.br\/?p=157966"},"modified":"2020-04-06T14:02:28","modified_gmt":"2020-04-06T17:02:28","slug":"estados-unidos-tem-mais-de-1-200-mortes-em-24-horas","status":"publish","type":"post","link":"https:\/\/diarioregionaldigital.com.br\/?p=157966","title":{"rendered":"Estados Unidos t\u00eam mais de 1.200 mortes em 24 horas"},"content":{"rendered":"<p>Os Estados Unidos (EUA) registraram nesse domingo (5) mais de 1.200 mortes em 24 horas causadas pela covid-19, de acordo com a contagem da Universidade Johns Hopkins. O n\u00famero total de morte, desde o in\u00edcio da pandemia nos Estados Unidos, \u00e9 agora de mais de 9\u00a0mil e o de infectados, de cerca de 337mil.<\/p>\n<p>Segundo a Universidade Johns Hopkins, mais de 17 mil\u00a0pessoas j\u00e1 se ecuperam da doen\u00e7a no pa\u00eds.<\/p>\n<p>&#8220;Estamos aprendendo\u00a0muito sobre o inimigo invis\u00edvel. \u00c9 duro e inteligente, mas somos mais duros e inteligentes!&#8221;, escreveu o presidente dos Estados Unidos, Donald Trump, na rede social Twitter.<\/p>\n<p>O novo coronav\u00edrus, respons\u00e1vel pela pandemia de\u00a0covid-19, j\u00e1 infectou mais de 1,2 milh\u00e3o\u00a0de pessoas em todo o mundo, das quais morreram mais de 68 mil. Dos casos de infec\u00e7\u00e3o, mais de 283 mil s\u00e3o considerados curados.<\/p>\n<p>Depois de surgir na China, em dezembro, o surto espalhou-se por todo o mundo, o que levou a Organiza\u00e7\u00e3o Mundial da Sa\u00fade (OMS) a declarar situa\u00e7\u00e3o de pandemia.<\/p>\n<p>&nbsp;<\/p>\n<p><strong>Fonte:\u00a0<\/strong>Ag\u00eancia Brasil<\/p>\n","protected":false},"excerpt":{"rendered":"<p>Os Estados Unidos (EUA) registraram nesse domingo (5) mais de 1.200 mortes em 24 horas causadas pela covid-19, de acordo com a contagem da Universidade Johns Hopkins. O n\u00famero total de morte, desde o in\u00edcio da pandemia nos Estados Unidos, \u00e9 agora de mais de 9\u00a0mil e o de infectados, de cerca de 337mil. Segundo [&hellip;]<\/p>\n","protected":false},"author":96,"featured_media":157967,"comment_status":"closed","ping_status":"closed","sticky":false,"template":"","format":"standard","meta":{"footnotes":""},"categories":[302,436,439],"tags":[],"class_list":["post-157966","post","type-post","status-publish","format-standard","has-post-thumbnail","hentry","category-brasil-mundo","category-destaque-da-semana","category-ultima-hora"],"_links":{"self":[{"href":"https:\/\/diarioregionaldigital.com.br\/index.php?rest_route=\/wp\/v2\/posts\/157966","targetHints":{"allow":["GET"]}}],"collection":[{"href":"https:\/\/diarioregionaldigital.com.br\/index.php?rest_route=\/wp\/v2\/posts"}],"about":[{"href":"https:\/\/diarioregionaldigital.com.br\/index.php?rest_route=\/wp\/v2\/types\/post"}],"author":[{"embeddable":true,"href":"https:\/\/diarioregionaldigital.com.br\/index.php?rest_route=\/wp\/v2\/users\/96"}],"replies":[{"embeddable":true,"href":"https:\/\/diarioregionaldigital.com.br\/index.php?rest_route=%2Fwp%2Fv2%2Fcomments&post=157966"}],"version-history":[{"count":0,"href":"https:\/\/diarioregionaldigital.com.br\/index.php?rest_route=\/wp\/v2\/posts\/157966\/revisions"}],"wp:featuredmedia":[{"embeddable":true,"href":"https:\/\/diarioregionaldigital.com.br\/index.php?rest_route=\/wp\/v2\/media\/157967"}],"wp:attachment":[{"href":"https:\/\/diarioregionaldigital.com.br\/index.php?rest_route=%2Fwp%2Fv2%2Fmedia&parent=157966"}],"wp:term":[{"taxonomy":"category","embeddable":true,"href":"https:\/\/diarioregionaldigital.com.br\/index.php?rest_route=%2Fwp%2Fv2%2Fcategories&post=157966"},{"taxonomy":"post_tag","embeddable":true,"href":"https:\/\/diarioregionaldigital.com.br\/index.php?rest_route=%2Fwp%2Fv2%2Ftags&post=157966"}],"curies":[{"name":"wp","href":"https:\/\/api.w.org\/{rel}","templated":true}]}}