{"id":157962,"date":"2020-04-06T13:59:52","date_gmt":"2020-04-06T16:59:52","guid":{"rendered":"https:\/\/diarioregionaldigital.com.br\/?p=157962"},"modified":"2020-04-06T13:59:52","modified_gmt":"2020-04-06T16:59:52","slug":"total-de-mortes-por-covid-19-chega-a-4-897-na-inglaterra","status":"publish","type":"post","link":"https:\/\/diarioregionaldigital.com.br\/?p=157962","title":{"rendered":"Total de mortes por covid-19 chega a 4.897 na Inglaterra"},"content":{"rendered":"<p>O n\u00famero de mortes em hospitais na Inglaterra devido ao novo coronav\u00edrus aumentou de ontem para hoje (6) em 403, totalizando 4.897, informou o Servi\u00e7o Nacional de Sa\u00fade.<\/p>\n<p>Apenas 15 dos 403 pacientes n\u00e3o tinham comorbidades (duas ou v\u00e1rias doen\u00e7as que aparecem de modo simult\u00e2nea)<\/p>\n<p>Tamb\u00e9m hoje, o primeiro-ministro do Reino Unido, Boris Johnson, est\u00e1 passando por exames em um hospital, ap\u00f3s apresentar sintomas persistentes do novo coronav\u00edrus por mais de dez dias, mas o governo informou que ele segue em bom estado.<\/p>\n<p>Johnson, que se isolou em Downing Street depois de receber o resultado positivo para a covid-19 no m\u00eas passado, foi hospitalizado na noite de domingo por ainda estar com febre e seus m\u00e9dicos acreditarem que ele precisa ser submetido a exames adicionais.<\/p>\n<p>&#8220;Sob recomenda\u00e7\u00e3o do meu m\u00e9dico, fui ao hospital para alguns exames de rotina, j\u00e1 que continuo apresentando sintomas de coronav\u00edrus&#8221;, tuitou Johnson.<\/p>\n<p>&nbsp;<\/p>\n<p><strong>Fonte:<\/strong>\u00a0Ag\u00eancia Brasil<\/p>\n","protected":false},"excerpt":{"rendered":"<p>O n\u00famero de mortes em hospitais na Inglaterra devido ao novo coronav\u00edrus aumentou de ontem para hoje (6) em 403, totalizando 4.897, informou o Servi\u00e7o Nacional de Sa\u00fade. Apenas 15 dos 403 pacientes n\u00e3o tinham comorbidades (duas ou v\u00e1rias doen\u00e7as que aparecem de modo simult\u00e2nea) Tamb\u00e9m hoje, o primeiro-ministro do Reino Unido, Boris Johnson, est\u00e1 [&hellip;]<\/p>\n","protected":false},"author":96,"featured_media":157963,"comment_status":"closed","ping_status":"closed","sticky":false,"template":"","format":"standard","meta":{"footnotes":""},"categories":[302,436,439],"tags":[],"class_list":["post-157962","post","type-post","status-publish","format-standard","has-post-thumbnail","hentry","category-brasil-mundo","category-destaque-da-semana","category-ultima-hora"],"_links":{"self":[{"href":"https:\/\/diarioregionaldigital.com.br\/index.php?rest_route=\/wp\/v2\/posts\/157962","targetHints":{"allow":["GET"]}}],"collection":[{"href":"https:\/\/diarioregionaldigital.com.br\/index.php?rest_route=\/wp\/v2\/posts"}],"about":[{"href":"https:\/\/diarioregionaldigital.com.br\/index.php?rest_route=\/wp\/v2\/types\/post"}],"author":[{"embeddable":true,"href":"https:\/\/diarioregionaldigital.com.br\/index.php?rest_route=\/wp\/v2\/users\/96"}],"replies":[{"embeddable":true,"href":"https:\/\/diarioregionaldigital.com.br\/index.php?rest_route=%2Fwp%2Fv2%2Fcomments&post=157962"}],"version-history":[{"count":0,"href":"https:\/\/diarioregionaldigital.com.br\/index.php?rest_route=\/wp\/v2\/posts\/157962\/revisions"}],"wp:featuredmedia":[{"embeddable":true,"href":"https:\/\/diarioregionaldigital.com.br\/index.php?rest_route=\/wp\/v2\/media\/157963"}],"wp:attachment":[{"href":"https:\/\/diarioregionaldigital.com.br\/index.php?rest_route=%2Fwp%2Fv2%2Fmedia&parent=157962"}],"wp:term":[{"taxonomy":"category","embeddable":true,"href":"https:\/\/diarioregionaldigital.com.br\/index.php?rest_route=%2Fwp%2Fv2%2Fcategories&post=157962"},{"taxonomy":"post_tag","embeddable":true,"href":"https:\/\/diarioregionaldigital.com.br\/index.php?rest_route=%2Fwp%2Fv2%2Ftags&post=157962"}],"curies":[{"name":"wp","href":"https:\/\/api.w.org\/{rel}","templated":true}]}}