{"id":157956,"date":"2020-04-06T13:52:21","date_gmt":"2020-04-06T16:52:21","guid":{"rendered":"https:\/\/diarioregionaldigital.com.br\/?p=157956"},"modified":"2020-04-06T13:52:21","modified_gmt":"2020-04-06T16:52:21","slug":"policia-civil-adota-necropsia-virtual-para-reduzir-risco-de-contagio-por-coronavirus","status":"publish","type":"post","link":"https:\/\/diarioregionaldigital.com.br\/?p=157956","title":{"rendered":"Pol\u00edcia Civil adota necropsia virtual para reduzir risco de cont\u00e1gio por coronav\u00edrus"},"content":{"rendered":"<p>Com objetivo de adequar os trabalhos periciais \u00e0s pr\u00e1ticas de preven\u00e7\u00e3o ao cont\u00e1gio pelo Covid-19, a\u00a0Pol\u00edcia Civil de Minas Gerais (PCMG)\u00a0est\u00e1 adotando procedimentos espec\u00edficos para exames de necropsia. Por meio do uso de aparelho de tomografia, os m\u00e9dicos legistas do Instituto M\u00e9dico-Legal (IML) realizam os testes de forma menos invasiva e, consequentemente, mais segura nesse per\u00edodo de pandemia.<\/p>\n<p>A m\u00e9dica legista Adriana Zatti, especialista em Radiologia e Diagn\u00f3stico por Imagem, explica que a necropsia virtual \u00e9 um m\u00e9todo utilizado desde o rompimento da barragem em Brumadinho, em 2019. O equipamento foi doado pela mineradora Vale com intermedia\u00e7\u00e3o do Minist\u00e9rio P\u00fablico de Minas Gerais (MPMG). O exame \u00e9 utilizado de forma complementar ao tradicional, sobretudo em \u00e1reas do corpo de dif\u00edcil acesso.<\/p>\n<p>A op\u00e7\u00e3o pela necropsia virtual nesse per\u00edodo de pandemia visa minimizar as interven\u00e7\u00f5es diretas que, quando indispens\u00e1veis, ser\u00e3o realizadas por meio de incis\u00f5es objetivas, sem exposi\u00e7\u00e3o de todo o corpo. O exame de tomografia \u00e9 r\u00e1pido, com dura\u00e7\u00e3o aproximada de cinco minutos, sendo a an\u00e1lise das imagens um pouco mais complexa.<\/p>\n<p>\u201cExcepcionalmente por conta da pandemia a necropsia virtual est\u00e1 sendo realizada de forma mais ampla, eventualmente com um exame minimamente invasivo associado, por conta do risco de contamina\u00e7\u00e3o de todos os servidores envolvidos no processo: auxiliares de limpeza, auxiliares de necropsia, t\u00e9cnicos em radiologia, m\u00e9dicos legistas\u201d, explica Adriana.<\/p>\n<p>O chefe do Departamento Estadual de Investiga\u00e7\u00e3o de Homic\u00eddios e Prote\u00e7\u00e3o \u00e0 Pessoa (DHPP), Wagner da Concei\u00e7\u00e3o, destaca que, na investiga\u00e7\u00e3o de homic\u00eddio, os vest\u00edgios encontrados, tanto no local do crime quanto no cad\u00e1ver, s\u00e3o de extrema import\u00e2ncia para esclarecer quais as circunst\u00e2ncias e como ocorreu o delito. Por isso, os exames periciais relativos a esses casos devem ser realizados imediatamente ap\u00f3s o recebimento da not\u00edcia pela pol\u00edcia.<\/p>\n<p>\u201cPor essa raz\u00e3o os exames perinecrosc\u00f3pico e de necropsia n\u00e3o podem ser paralisados, mesmo em \u00e9poca de pandemia, resguardando-se, claro,\u00a0 a seguran\u00e7a de todos os servidores p\u00fablicos envolvidos&#8221;, explica. A PCMG analisa apenas mortes violentas, como homic\u00eddios e acidentes. A declara\u00e7\u00e3o de \u00f3bito em caso de doen\u00e7a, como por Covid-19, \u00e9 resultado de exame realizado pelo m\u00e9dico do servi\u00e7o de Sa\u00fade que atestou o falecimento.<\/p>\n<p>&nbsp;<\/p>\n<p><strong>Fonte:\u00a0<\/strong>Ag\u00eancia Minas<\/p>\n","protected":false},"excerpt":{"rendered":"<p>Com objetivo de adequar os trabalhos periciais \u00e0s pr\u00e1ticas de preven\u00e7\u00e3o ao cont\u00e1gio pelo Covid-19, a\u00a0Pol\u00edcia Civil de Minas Gerais (PCMG)\u00a0est\u00e1 adotando procedimentos espec\u00edficos para exames de necropsia. Por meio do uso de aparelho de tomografia, os m\u00e9dicos legistas do Instituto M\u00e9dico-Legal (IML) realizam os testes de forma menos invasiva e, consequentemente, mais segura nesse [&hellip;]<\/p>\n","protected":false},"author":96,"featured_media":157957,"comment_status":"closed","ping_status":"closed","sticky":false,"template":"","format":"standard","meta":{"footnotes":""},"categories":[301,436,439],"tags":[],"class_list":["post-157956","post","type-post","status-publish","format-standard","has-post-thumbnail","hentry","category-artigos-policiais","category-destaque-da-semana","category-ultima-hora"],"_links":{"self":[{"href":"https:\/\/diarioregionaldigital.com.br\/index.php?rest_route=\/wp\/v2\/posts\/157956","targetHints":{"allow":["GET"]}}],"collection":[{"href":"https:\/\/diarioregionaldigital.com.br\/index.php?rest_route=\/wp\/v2\/posts"}],"about":[{"href":"https:\/\/diarioregionaldigital.com.br\/index.php?rest_route=\/wp\/v2\/types\/post"}],"author":[{"embeddable":true,"href":"https:\/\/diarioregionaldigital.com.br\/index.php?rest_route=\/wp\/v2\/users\/96"}],"replies":[{"embeddable":true,"href":"https:\/\/diarioregionaldigital.com.br\/index.php?rest_route=%2Fwp%2Fv2%2Fcomments&post=157956"}],"version-history":[{"count":0,"href":"https:\/\/diarioregionaldigital.com.br\/index.php?rest_route=\/wp\/v2\/posts\/157956\/revisions"}],"wp:featuredmedia":[{"embeddable":true,"href":"https:\/\/diarioregionaldigital.com.br\/index.php?rest_route=\/wp\/v2\/media\/157957"}],"wp:attachment":[{"href":"https:\/\/diarioregionaldigital.com.br\/index.php?rest_route=%2Fwp%2Fv2%2Fmedia&parent=157956"}],"wp:term":[{"taxonomy":"category","embeddable":true,"href":"https:\/\/diarioregionaldigital.com.br\/index.php?rest_route=%2Fwp%2Fv2%2Fcategories&post=157956"},{"taxonomy":"post_tag","embeddable":true,"href":"https:\/\/diarioregionaldigital.com.br\/index.php?rest_route=%2Fwp%2Fv2%2Ftags&post=157956"}],"curies":[{"name":"wp","href":"https:\/\/api.w.org\/{rel}","templated":true}]}}