{"id":157954,"date":"2020-04-06T13:49:28","date_gmt":"2020-04-06T16:49:28","guid":{"rendered":"https:\/\/diarioregionaldigital.com.br\/?p=157954"},"modified":"2020-04-06T13:49:28","modified_gmt":"2020-04-06T16:49:28","slug":"juiz-de-fora-tem-39-casos-de-coronavirus","status":"publish","type":"post","link":"https:\/\/diarioregionaldigital.com.br\/?p=157954","title":{"rendered":"Juiz de Fora tem 39 casos de Coronav\u00edrus"},"content":{"rendered":"<p><span style=\"font-weight: 400;\">O boletim epidemiol\u00f3gico divulgado nesta segunda-feira (6) pela Secretaria de Estado da Sa\u00fade de Minas Gerais (SES-MG), aponta que Juiz de Fora chega a 39 casos confirmados de Coronav\u00edrus.\u00a0<\/span><\/p>\n<p><span style=\"font-weight: 400;\">Na compara\u00e7\u00e3o com o fim de semana, houve aumento de nove casos desde s\u00e1bado (4) at\u00e9 a data de hoje. Naquela ocasi\u00e3o, 30 pacientes foram diagnosticados com a doen\u00e7a. At\u00e9 o momento n\u00e3o h\u00e1 \u00f3bitos confirmados pela cidade.<\/span><\/p>\n","protected":false},"excerpt":{"rendered":"<p>O boletim epidemiol\u00f3gico divulgado nesta segunda-feira (6) pela Secretaria de Estado da Sa\u00fade de Minas Gerais (SES-MG), aponta que Juiz de Fora chega a 39 casos confirmados de Coronav\u00edrus.\u00a0 Na compara\u00e7\u00e3o com o fim de semana, houve aumento de nove casos desde s\u00e1bado (4) at\u00e9 a data de hoje. Naquela ocasi\u00e3o, 30 pacientes foram diagnosticados [&hellip;]<\/p>\n","protected":false},"author":96,"featured_media":157246,"comment_status":"closed","ping_status":"closed","sticky":false,"template":"","format":"standard","meta":{"footnotes":""},"categories":[253,436,440,439],"tags":[],"class_list":["post-157954","post","type-post","status-publish","format-standard","has-post-thumbnail","hentry","category-cidade","category-destaque-da-semana","category-destaques-do-dia","category-ultima-hora"],"_links":{"self":[{"href":"https:\/\/diarioregionaldigital.com.br\/index.php?rest_route=\/wp\/v2\/posts\/157954","targetHints":{"allow":["GET"]}}],"collection":[{"href":"https:\/\/diarioregionaldigital.com.br\/index.php?rest_route=\/wp\/v2\/posts"}],"about":[{"href":"https:\/\/diarioregionaldigital.com.br\/index.php?rest_route=\/wp\/v2\/types\/post"}],"author":[{"embeddable":true,"href":"https:\/\/diarioregionaldigital.com.br\/index.php?rest_route=\/wp\/v2\/users\/96"}],"replies":[{"embeddable":true,"href":"https:\/\/diarioregionaldigital.com.br\/index.php?rest_route=%2Fwp%2Fv2%2Fcomments&post=157954"}],"version-history":[{"count":0,"href":"https:\/\/diarioregionaldigital.com.br\/index.php?rest_route=\/wp\/v2\/posts\/157954\/revisions"}],"wp:featuredmedia":[{"embeddable":true,"href":"https:\/\/diarioregionaldigital.com.br\/index.php?rest_route=\/wp\/v2\/media\/157246"}],"wp:attachment":[{"href":"https:\/\/diarioregionaldigital.com.br\/index.php?rest_route=%2Fwp%2Fv2%2Fmedia&parent=157954"}],"wp:term":[{"taxonomy":"category","embeddable":true,"href":"https:\/\/diarioregionaldigital.com.br\/index.php?rest_route=%2Fwp%2Fv2%2Fcategories&post=157954"},{"taxonomy":"post_tag","embeddable":true,"href":"https:\/\/diarioregionaldigital.com.br\/index.php?rest_route=%2Fwp%2Fv2%2Ftags&post=157954"}],"curies":[{"name":"wp","href":"https:\/\/api.w.org\/{rel}","templated":true}]}}