{"id":157942,"date":"2020-04-05T06:00:25","date_gmt":"2020-04-05T09:00:25","guid":{"rendered":"https:\/\/diarioregionaldigital.com.br\/?p=157942"},"modified":"2020-04-05T01:01:02","modified_gmt":"2020-04-05T04:01:02","slug":"prefeitura-municipal-de-descoberto-extrato-de-2o-termo-05-04-2020-2","status":"publish","type":"post","link":"https:\/\/diarioregionaldigital.com.br\/?p=157942","title":{"rendered":"Prefeitura Municipal de Descoberto &#8211; Extrato de 2\u00ba Termo Aditivo &#8211; 05\/04\/2020"},"content":{"rendered":"<p style=\"text-align: center;\"><strong>EXTRATO DE SEGUNDO TERMO ADITIVO DE CONTRATO<\/strong><\/p>\n<p style=\"text-align: center;\">2\u00ba Termo Aditivo. Pref. Municipal de Descoberto x Instituto IBDO de Gest\u00e3o e Projetos \u2013 Objeto: Modifica\u00e7\u00e3o do prazo de vig\u00eancia do contrato, que passar\u00e1 a vigorar de 21\/03\/2020 a 25\/07\/2020 \u2013 Fundamento: Preg\u00e3o \u00a0n\u00ba 015\/2019 &#8211; Valor Global: 31.0000,00 &#8211; Vig\u00eancia: 21\/03\/20 a 21\/07\/20 &#8211; Dot or\u00e7: 02.02000.04.122.0002.218-339039\/100 \u00a0\u00a0&#8211; Ass: 21\/03\/2020 &#8211; Foro: S\u00e3o Jo\u00e3o Nepomuceno\/MG.<\/p>\n<p style=\"text-align: center;\"><strong>Marcos de Ara\u00fajo Lima<\/strong><\/p>\n<p style=\"text-align: center;\"><strong>Prefeito Municipal<\/strong><\/p>\n","protected":false},"excerpt":{"rendered":"<p>EXTRATO DE SEGUNDO TERMO ADITIVO DE CONTRATO 2\u00ba Termo Aditivo. Pref. Municipal de Descoberto x Instituto IBDO de Gest\u00e3o e Projetos \u2013 Objeto: Modifica\u00e7\u00e3o do prazo de vig\u00eancia do contrato, que passar\u00e1 a vigorar de 21\/03\/2020 a 25\/07\/2020 \u2013 Fundamento: Preg\u00e3o \u00a0n\u00ba 015\/2019 &#8211; Valor Global: 31.0000,00 &#8211; Vig\u00eancia: 21\/03\/20 a 21\/07\/20 &#8211; Dot or\u00e7: [&hellip;]<\/p>\n","protected":false},"author":96,"featured_media":0,"comment_status":"closed","ping_status":"closed","sticky":false,"template":"","format":"standard","meta":{"footnotes":""},"categories":[307],"tags":[],"class_list":["post-157942","post","type-post","status-publish","format-standard","hentry","category-editais"],"_links":{"self":[{"href":"https:\/\/diarioregionaldigital.com.br\/index.php?rest_route=\/wp\/v2\/posts\/157942","targetHints":{"allow":["GET"]}}],"collection":[{"href":"https:\/\/diarioregionaldigital.com.br\/index.php?rest_route=\/wp\/v2\/posts"}],"about":[{"href":"https:\/\/diarioregionaldigital.com.br\/index.php?rest_route=\/wp\/v2\/types\/post"}],"author":[{"embeddable":true,"href":"https:\/\/diarioregionaldigital.com.br\/index.php?rest_route=\/wp\/v2\/users\/96"}],"replies":[{"embeddable":true,"href":"https:\/\/diarioregionaldigital.com.br\/index.php?rest_route=%2Fwp%2Fv2%2Fcomments&post=157942"}],"version-history":[{"count":0,"href":"https:\/\/diarioregionaldigital.com.br\/index.php?rest_route=\/wp\/v2\/posts\/157942\/revisions"}],"wp:attachment":[{"href":"https:\/\/diarioregionaldigital.com.br\/index.php?rest_route=%2Fwp%2Fv2%2Fmedia&parent=157942"}],"wp:term":[{"taxonomy":"category","embeddable":true,"href":"https:\/\/diarioregionaldigital.com.br\/index.php?rest_route=%2Fwp%2Fv2%2Fcategories&post=157942"},{"taxonomy":"post_tag","embeddable":true,"href":"https:\/\/diarioregionaldigital.com.br\/index.php?rest_route=%2Fwp%2Fv2%2Ftags&post=157942"}],"curies":[{"name":"wp","href":"https:\/\/api.w.org\/{rel}","templated":true}]}}