{"id":157938,"date":"2020-04-05T06:00:49","date_gmt":"2020-04-05T09:00:49","guid":{"rendered":"https:\/\/diarioregionaldigital.com.br\/?p=157938"},"modified":"2020-04-05T00:38:13","modified_gmt":"2020-04-05T03:38:13","slug":"prefeitura-municipal-de-descoberto-extrato-de-2o-termo-05-04-2020","status":"publish","type":"post","link":"https:\/\/diarioregionaldigital.com.br\/?p=157938","title":{"rendered":"Prefeitura Municipal de Descoberto &#8211; Extrato de 2\u00ba Termo &#8211; 05\/04\/2020"},"content":{"rendered":"<p style=\"text-align: center;\"><strong>EXTRATO SEGUNDO TERMO ADITIVO DE CONTRATO<\/strong><\/p>\n<p style=\"text-align: center;\">2\u00ba Termo Aditivo. Pref. Municipal de Descoberto x Jo\u00e3o Paulo Guimaraes Fazza 05921612693 &#8211; Objeto: Constitui objeto do presente termo aditivo a prorroga\u00e7\u00e3o do prazo de vig\u00eancia do contrato ora aditivado, por mais 12 meses a contar de 26\/03\/2020 &#8211; Fundamento: Preg\u00e3o \u00a0n\u00ba 005\/2018 \u2013 Valor Global: 15.000,00 \u2013 Dot or\u00e7: 02.04002.12.361.0003.255-339039\/100- Ass: 26\/03\/2020- Foro: S\u00e3o Jo\u00e3o Nepomuceno\/MG.<\/p>\n<p style=\"text-align: center;\"><strong>Marcos de Ara\u00fajo Lima<\/strong><\/p>\n<p style=\"text-align: center;\"><strong>Prefeito Municipal<\/strong><\/p>\n","protected":false},"excerpt":{"rendered":"<p>EXTRATO SEGUNDO TERMO ADITIVO DE CONTRATO 2\u00ba Termo Aditivo. Pref. Municipal de Descoberto x Jo\u00e3o Paulo Guimaraes Fazza 05921612693 &#8211; Objeto: Constitui objeto do presente termo aditivo a prorroga\u00e7\u00e3o do prazo de vig\u00eancia do contrato ora aditivado, por mais 12 meses a contar de 26\/03\/2020 &#8211; Fundamento: Preg\u00e3o \u00a0n\u00ba 005\/2018 \u2013 Valor Global: 15.000,00 \u2013 [&hellip;]<\/p>\n","protected":false},"author":96,"featured_media":0,"comment_status":"closed","ping_status":"closed","sticky":false,"template":"","format":"standard","meta":{"footnotes":""},"categories":[307],"tags":[],"class_list":["post-157938","post","type-post","status-publish","format-standard","hentry","category-editais"],"_links":{"self":[{"href":"https:\/\/diarioregionaldigital.com.br\/index.php?rest_route=\/wp\/v2\/posts\/157938","targetHints":{"allow":["GET"]}}],"collection":[{"href":"https:\/\/diarioregionaldigital.com.br\/index.php?rest_route=\/wp\/v2\/posts"}],"about":[{"href":"https:\/\/diarioregionaldigital.com.br\/index.php?rest_route=\/wp\/v2\/types\/post"}],"author":[{"embeddable":true,"href":"https:\/\/diarioregionaldigital.com.br\/index.php?rest_route=\/wp\/v2\/users\/96"}],"replies":[{"embeddable":true,"href":"https:\/\/diarioregionaldigital.com.br\/index.php?rest_route=%2Fwp%2Fv2%2Fcomments&post=157938"}],"version-history":[{"count":0,"href":"https:\/\/diarioregionaldigital.com.br\/index.php?rest_route=\/wp\/v2\/posts\/157938\/revisions"}],"wp:attachment":[{"href":"https:\/\/diarioregionaldigital.com.br\/index.php?rest_route=%2Fwp%2Fv2%2Fmedia&parent=157938"}],"wp:term":[{"taxonomy":"category","embeddable":true,"href":"https:\/\/diarioregionaldigital.com.br\/index.php?rest_route=%2Fwp%2Fv2%2Fcategories&post=157938"},{"taxonomy":"post_tag","embeddable":true,"href":"https:\/\/diarioregionaldigital.com.br\/index.php?rest_route=%2Fwp%2Fv2%2Ftags&post=157938"}],"curies":[{"name":"wp","href":"https:\/\/api.w.org\/{rel}","templated":true}]}}