{"id":157936,"date":"2020-04-05T06:00:34","date_gmt":"2020-04-05T09:00:34","guid":{"rendered":"https:\/\/diarioregionaldigital.com.br\/?p=157936"},"modified":"2020-04-05T00:30:16","modified_gmt":"2020-04-05T03:30:16","slug":"prefeitura-municipal-de-descoberto-extrato-de-3o-termo-05-04-2020","status":"publish","type":"post","link":"https:\/\/diarioregionaldigital.com.br\/?p=157936","title":{"rendered":"Prefeitura Municipal de Descoberto &#8211; Extrato de 3\u00ba Termo &#8211; 05\/04\/2020"},"content":{"rendered":"<p style=\"text-align: center;\"><strong>EXTRATO TERCEIRO TERMO ADITIVO DE CONTRATO<\/strong><\/p>\n<p style=\"text-align: center;\">3\u00ba Termo Aditivo. Pref. Municipal de Descoberto x Ranieri Vieira Pinton- ME- Objeto: Constitui objeto do presente termo aditivo a modifica\u00e7\u00e3o do prazo de vig\u00eancia do contrato, que passar\u00e1 a vigorar de 03\/04\/20 \u00e0 03\/04\/21 com os mesmos valores do contrato original &#8211; Fundamento: Preg\u00e3o n\u00ba 002\/2017 \u2013 Valor Global: 345.100,00 &#8211; Vig\u00eancia: 03\/04\/20 a 03\/04\/21 \u2013 Dot or\u00e7: 02.1000.04.122.0002.202-339030\/100 \u2013 02.06000.15.122.0002.202-339030\/100 \u2013 02.02000.04.181.0002.223-339030\/100 \u2013 02.07001.08.243.0002.225-339030\/129 \u2013 02.04002.12.361.0003.256-339039\/101\/ &#8211; 02.05002.10.301.0004.285-339039\/102\u00a0 &#8211; Ass: 03\/04\/20- Foro: S\u00e3o Jo\u00e3o Nepomuceno\/MG.<\/p>\n<p style=\"text-align: center;\"><strong>Marcos de Ara\u00fajo Lima<\/strong><\/p>\n<p style=\"text-align: center;\"><strong>Prefeito Municipal<\/strong><\/p>\n","protected":false},"excerpt":{"rendered":"<p>EXTRATO TERCEIRO TERMO ADITIVO DE CONTRATO 3\u00ba Termo Aditivo. Pref. Municipal de Descoberto x Ranieri Vieira Pinton- ME- Objeto: Constitui objeto do presente termo aditivo a modifica\u00e7\u00e3o do prazo de vig\u00eancia do contrato, que passar\u00e1 a vigorar de 03\/04\/20 \u00e0 03\/04\/21 com os mesmos valores do contrato original &#8211; Fundamento: Preg\u00e3o n\u00ba 002\/2017 \u2013 Valor [&hellip;]<\/p>\n","protected":false},"author":96,"featured_media":0,"comment_status":"closed","ping_status":"closed","sticky":false,"template":"","format":"standard","meta":{"footnotes":""},"categories":[307],"tags":[],"class_list":["post-157936","post","type-post","status-publish","format-standard","hentry","category-editais"],"_links":{"self":[{"href":"https:\/\/diarioregionaldigital.com.br\/index.php?rest_route=\/wp\/v2\/posts\/157936","targetHints":{"allow":["GET"]}}],"collection":[{"href":"https:\/\/diarioregionaldigital.com.br\/index.php?rest_route=\/wp\/v2\/posts"}],"about":[{"href":"https:\/\/diarioregionaldigital.com.br\/index.php?rest_route=\/wp\/v2\/types\/post"}],"author":[{"embeddable":true,"href":"https:\/\/diarioregionaldigital.com.br\/index.php?rest_route=\/wp\/v2\/users\/96"}],"replies":[{"embeddable":true,"href":"https:\/\/diarioregionaldigital.com.br\/index.php?rest_route=%2Fwp%2Fv2%2Fcomments&post=157936"}],"version-history":[{"count":0,"href":"https:\/\/diarioregionaldigital.com.br\/index.php?rest_route=\/wp\/v2\/posts\/157936\/revisions"}],"wp:attachment":[{"href":"https:\/\/diarioregionaldigital.com.br\/index.php?rest_route=%2Fwp%2Fv2%2Fmedia&parent=157936"}],"wp:term":[{"taxonomy":"category","embeddable":true,"href":"https:\/\/diarioregionaldigital.com.br\/index.php?rest_route=%2Fwp%2Fv2%2Fcategories&post=157936"},{"taxonomy":"post_tag","embeddable":true,"href":"https:\/\/diarioregionaldigital.com.br\/index.php?rest_route=%2Fwp%2Fv2%2Ftags&post=157936"}],"curies":[{"name":"wp","href":"https:\/\/api.w.org\/{rel}","templated":true}]}}