{"id":157928,"date":"2020-04-05T06:00:39","date_gmt":"2020-04-05T09:00:39","guid":{"rendered":"https:\/\/diarioregionaldigital.com.br\/?p=157928"},"modified":"2020-04-04T00:45:14","modified_gmt":"2020-04-04T03:45:14","slug":"todos-juntos-2","status":"publish","type":"post","link":"https:\/\/diarioregionaldigital.com.br\/?p=157928","title":{"rendered":"Todos Juntos"},"content":{"rendered":"<p style=\"text-align: center;\"><strong>Aten\u00e7\u00e3o<\/strong><\/p>\n<p style=\"text-align: center;\">Para aumentar a receita da sua empresa nesse momento \u00e9 de bom tom lan\u00e7ar m\u00e3o de solu\u00e7\u00f5es. Para tanto fa\u00e7a promo\u00e7\u00f5es com produtos em estoque; fortale\u00e7a as estrat\u00e9gias digitais da empresa como a presen\u00e7a nas m\u00eddias sociais e a venda em plataformas on-line, e investir na estrat\u00e9gia de delivery. Oferecer frete gr\u00e1tis e mimos aos clientes que permanecem comprando e melhorar os v\u00ednculos afetivos com seus clientes oferecendo sugest\u00f5es, ajuda.<\/p>\n<p style=\"text-align: center;\"><strong>Profissionais Comissionados<\/strong><\/p>\n<p style=\"text-align: center;\">Voc\u00ea sabia? Durante o per\u00edodo de restri\u00e7\u00e3o ou quarentena, o empregado que \u00e9 considerado comissionista puro ter\u00e1 garantia de receber pelo menos o valor correspondente a um sal\u00e1rio m\u00ednimo ou piso da categoria.<\/p>\n<p style=\"text-align: center;\"><strong>Na Terra e no ar<\/strong><\/p>\n<p style=\"text-align: center;\">Est\u00e1 dr\u00e1stica a redu\u00e7\u00e3o na quantidade de viagens por conta da pandemia do Coronav\u00edrus. A Rodovi\u00e1ria de Juiz de Fora j\u00e1 registra queda de 90% no n\u00fameros de viagens. J\u00e1 o Aeroporto Regional da Zona da Mata suspendeu opera\u00e7\u00e3o comercial.<\/p>\n<p style=\"text-align: center;\"><strong>Todos Juntos<\/strong><\/p>\n<p style=\"text-align: center;\">Procon em tempo de quarentena avisa que a atendimento presencial em sua sede na Av. Itamar Franco est\u00e1 reduzindo. Para n\u00e3o deixar os usu\u00e1rios desassistidos, o \u00f3rg\u00e3o ampliou a capacidade dos canais de comunica\u00e7\u00e3o via telefone, facebook e site.<\/p>\n<p style=\"text-align: center;\"><span style=\"font-size: 14pt;\"><strong>Para Refletir <\/strong><\/span><\/p>\n<p style=\"text-align: center;\">\u201cTemer o desconhecido e o impalp\u00e1vel faz parte. O que n\u00e3o podemos \u00e9 entrar em desespero com as coisas que n\u00e3o sabemos lidar\u201d (Helio F\u00e1del) m\u00e9dico psiquiatra\u201d<\/p>\n<div id=\"attachment_157904\" style=\"width: 690px\" class=\"wp-caption aligncenter\"><img loading=\"lazy\" decoding=\"async\" aria-describedby=\"caption-attachment-157904\" class=\"wp-image-157904\" src=\"https:\/\/diarioregionaldigital.com.br\/wp-content\/uploads\/2020\/04\/fotoa-2-e1585970540654.jpg\" alt=\"\" width=\"680\" height=\"507\" srcset=\"https:\/\/diarioregionaldigital.com.br\/wp-content\/uploads\/2020\/04\/fotoa-2-e1585970540654.jpg 1653w, https:\/\/diarioregionaldigital.com.br\/wp-content\/uploads\/2020\/04\/fotoa-2-e1585970540654-300x224.jpg 300w, https:\/\/diarioregionaldigital.com.br\/wp-content\/uploads\/2020\/04\/fotoa-2-e1585970540654-768x572.jpg 768w, https:\/\/diarioregionaldigital.com.br\/wp-content\/uploads\/2020\/04\/fotoa-2-e1585970540654-1024x763.jpg 1024w, https:\/\/diarioregionaldigital.com.br\/wp-content\/uploads\/2020\/04\/fotoa-2-e1585970540654-360x268.jpg 360w\" sizes=\"auto, (max-width: 680px) 100vw, 680px\" \/><p id=\"caption-attachment-157904\" class=\"wp-caption-text\">O isolamento social da elegante Ingrid Og Duayer que n\u00e3o deixa escapar a classe e o glamour<\/p><\/div>\n<div id=\"attachment_157905\" style=\"width: 690px\" class=\"wp-caption aligncenter\"><img loading=\"lazy\" decoding=\"async\" aria-describedby=\"caption-attachment-157905\" class=\"wp-image-157905\" src=\"https:\/\/diarioregionaldigital.com.br\/wp-content\/uploads\/2020\/04\/fotob-2-e1585970684254.jpg\" alt=\"\" width=\"680\" height=\"600\" srcset=\"https:\/\/diarioregionaldigital.com.br\/wp-content\/uploads\/2020\/04\/fotob-2-e1585970684254.jpg 1656w, https:\/\/diarioregionaldigital.com.br\/wp-content\/uploads\/2020\/04\/fotob-2-e1585970684254-300x265.jpg 300w, https:\/\/diarioregionaldigital.com.br\/wp-content\/uploads\/2020\/04\/fotob-2-e1585970684254-768x678.jpg 768w, https:\/\/diarioregionaldigital.com.br\/wp-content\/uploads\/2020\/04\/fotob-2-e1585970684254-1024x903.jpg 1024w, https:\/\/diarioregionaldigital.com.br\/wp-content\/uploads\/2020\/04\/fotob-2-e1585970684254-360x318.jpg 360w, https:\/\/diarioregionaldigital.com.br\/wp-content\/uploads\/2020\/04\/fotob-2-e1585970684254-555x490.jpg 555w\" sizes=\"auto, (max-width: 680px) 100vw, 680px\" \/><p id=\"caption-attachment-157905\" class=\"wp-caption-text\">O jovem Werison Cardoso mostra otimismo para dias melhores<\/p><\/div>\n<div id=\"attachment_157906\" style=\"width: 690px\" class=\"wp-caption aligncenter\"><img loading=\"lazy\" decoding=\"async\" aria-describedby=\"caption-attachment-157906\" class=\"wp-image-157906\" src=\"https:\/\/diarioregionaldigital.com.br\/wp-content\/uploads\/2020\/04\/fotoc-2-e1585970741467.jpg\" alt=\"\" width=\"680\" height=\"527\" srcset=\"https:\/\/diarioregionaldigital.com.br\/wp-content\/uploads\/2020\/04\/fotoc-2-e1585970741467.jpg 1746w, https:\/\/diarioregionaldigital.com.br\/wp-content\/uploads\/2020\/04\/fotoc-2-e1585970741467-300x232.jpg 300w, https:\/\/diarioregionaldigital.com.br\/wp-content\/uploads\/2020\/04\/fotoc-2-e1585970741467-768x595.jpg 768w, https:\/\/diarioregionaldigital.com.br\/wp-content\/uploads\/2020\/04\/fotoc-2-e1585970741467-1024x794.jpg 1024w, https:\/\/diarioregionaldigital.com.br\/wp-content\/uploads\/2020\/04\/fotoc-2-e1585970741467-360x279.jpg 360w\" sizes=\"auto, (max-width: 680px) 100vw, 680px\" \/><p id=\"caption-attachment-157906\" class=\"wp-caption-text\">Dando um tempo nas tatuagens Camila Silveira Pedrosa medita energias positivas<\/p><\/div>\n<div id=\"attachment_157907\" style=\"width: 690px\" class=\"wp-caption aligncenter\"><img loading=\"lazy\" decoding=\"async\" aria-describedby=\"caption-attachment-157907\" class=\"wp-image-157907\" src=\"https:\/\/diarioregionaldigital.com.br\/wp-content\/uploads\/2020\/04\/fotod-2-e1585970800529.jpg\" alt=\"\" width=\"680\" height=\"495\" srcset=\"https:\/\/diarioregionaldigital.com.br\/wp-content\/uploads\/2020\/04\/fotod-2-e1585970800529.jpg 1686w, https:\/\/diarioregionaldigital.com.br\/wp-content\/uploads\/2020\/04\/fotod-2-e1585970800529-300x219.jpg 300w, https:\/\/diarioregionaldigital.com.br\/wp-content\/uploads\/2020\/04\/fotod-2-e1585970800529-768x559.jpg 768w, https:\/\/diarioregionaldigital.com.br\/wp-content\/uploads\/2020\/04\/fotod-2-e1585970800529-1024x746.jpg 1024w, https:\/\/diarioregionaldigital.com.br\/wp-content\/uploads\/2020\/04\/fotod-2-e1585970800529-360x262.jpg 360w\" sizes=\"auto, (max-width: 680px) 100vw, 680px\" \/><p id=\"caption-attachment-157907\" class=\"wp-caption-text\">Ilustres visitando esta coluna social, o produtor Michel Brucce, a atriz Vera Fisher e a Miss Brasil Gay 2019, Ant\u00f4nia Gutierrez<\/p><\/div>\n<div id=\"attachment_157908\" style=\"width: 690px\" class=\"wp-caption aligncenter\"><img loading=\"lazy\" decoding=\"async\" aria-describedby=\"caption-attachment-157908\" class=\"wp-image-157908\" src=\"https:\/\/diarioregionaldigital.com.br\/wp-content\/uploads\/2020\/04\/fotoe-2-e1585970845400.jpg\" alt=\"\" width=\"680\" height=\"501\" srcset=\"https:\/\/diarioregionaldigital.com.br\/wp-content\/uploads\/2020\/04\/fotoe-2-e1585970845400.jpg 1660w, https:\/\/diarioregionaldigital.com.br\/wp-content\/uploads\/2020\/04\/fotoe-2-e1585970845400-300x221.jpg 300w, https:\/\/diarioregionaldigital.com.br\/wp-content\/uploads\/2020\/04\/fotoe-2-e1585970845400-768x566.jpg 768w, https:\/\/diarioregionaldigital.com.br\/wp-content\/uploads\/2020\/04\/fotoe-2-e1585970845400-1024x754.jpg 1024w, https:\/\/diarioregionaldigital.com.br\/wp-content\/uploads\/2020\/04\/fotoe-2-e1585970845400-360x265.jpg 360w\" sizes=\"auto, (max-width: 680px) 100vw, 680px\" \/><p id=\"caption-attachment-157908\" class=\"wp-caption-text\">Palmas para o talentoso diagramador Dudu Silva ex DR e atual na TM<\/p><\/div>\n<div id=\"attachment_157909\" style=\"width: 690px\" class=\"wp-caption aligncenter\"><img loading=\"lazy\" decoding=\"async\" aria-describedby=\"caption-attachment-157909\" class=\"wp-image-157909\" src=\"https:\/\/diarioregionaldigital.com.br\/wp-content\/uploads\/2020\/04\/fotof-2-e1585970924413.jpg\" alt=\"\" width=\"680\" height=\"520\" srcset=\"https:\/\/diarioregionaldigital.com.br\/wp-content\/uploads\/2020\/04\/fotof-2-e1585970924413.jpg 1762w, https:\/\/diarioregionaldigital.com.br\/wp-content\/uploads\/2020\/04\/fotof-2-e1585970924413-300x229.jpg 300w, https:\/\/diarioregionaldigital.com.br\/wp-content\/uploads\/2020\/04\/fotof-2-e1585970924413-768x587.jpg 768w, https:\/\/diarioregionaldigital.com.br\/wp-content\/uploads\/2020\/04\/fotof-2-e1585970924413-1024x783.jpg 1024w, https:\/\/diarioregionaldigital.com.br\/wp-content\/uploads\/2020\/04\/fotof-2-e1585970924413-360x275.jpg 360w\" sizes=\"auto, (max-width: 680px) 100vw, 680px\" \/><p id=\"caption-attachment-157909\" class=\"wp-caption-text\">O charme do coiffeur Dudu Calixto<\/p><\/div>\n<div id=\"attachment_157910\" style=\"width: 690px\" class=\"wp-caption aligncenter\"><img loading=\"lazy\" decoding=\"async\" aria-describedby=\"caption-attachment-157910\" class=\"wp-image-157910\" src=\"https:\/\/diarioregionaldigital.com.br\/wp-content\/uploads\/2020\/04\/fotog-2.jpg\" alt=\"\" width=\"680\" height=\"454\" srcset=\"https:\/\/diarioregionaldigital.com.br\/wp-content\/uploads\/2020\/04\/fotog-2.jpg 2528w, https:\/\/diarioregionaldigital.com.br\/wp-content\/uploads\/2020\/04\/fotog-2-300x200.jpg 300w, https:\/\/diarioregionaldigital.com.br\/wp-content\/uploads\/2020\/04\/fotog-2-768x513.jpg 768w, https:\/\/diarioregionaldigital.com.br\/wp-content\/uploads\/2020\/04\/fotog-2-1024x684.jpg 1024w, https:\/\/diarioregionaldigital.com.br\/wp-content\/uploads\/2020\/04\/fotog-2-360x240.jpg 360w\" sizes=\"auto, (max-width: 680px) 100vw, 680px\" \/><p id=\"caption-attachment-157910\" class=\"wp-caption-text\">O jornalista Talison Vardiero, estendendo a m\u00e3o para a solidariedade<\/p><\/div>\n<div id=\"attachment_157911\" style=\"width: 690px\" class=\"wp-caption aligncenter\"><img loading=\"lazy\" decoding=\"async\" aria-describedby=\"caption-attachment-157911\" class=\"wp-image-157911\" src=\"https:\/\/diarioregionaldigital.com.br\/wp-content\/uploads\/2020\/04\/fotoh-2-e1585970968937.jpg\" alt=\"\" width=\"680\" height=\"516\" srcset=\"https:\/\/diarioregionaldigital.com.br\/wp-content\/uploads\/2020\/04\/fotoh-2-e1585970968937.jpg 1759w, https:\/\/diarioregionaldigital.com.br\/wp-content\/uploads\/2020\/04\/fotoh-2-e1585970968937-300x228.jpg 300w, https:\/\/diarioregionaldigital.com.br\/wp-content\/uploads\/2020\/04\/fotoh-2-e1585970968937-768x583.jpg 768w, https:\/\/diarioregionaldigital.com.br\/wp-content\/uploads\/2020\/04\/fotoh-2-e1585970968937-1024x778.jpg 1024w, https:\/\/diarioregionaldigital.com.br\/wp-content\/uploads\/2020\/04\/fotoh-2-e1585970968937-360x273.jpg 360w\" sizes=\"auto, (max-width: 680px) 100vw, 680px\" \/><p id=\"caption-attachment-157911\" class=\"wp-caption-text\">\u00c1gua cristalina e aplausos para o ator Gabriel Bittencourt<\/p><\/div>\n<div id=\"attachment_157912\" style=\"width: 690px\" class=\"wp-caption aligncenter\"><img loading=\"lazy\" decoding=\"async\" aria-describedby=\"caption-attachment-157912\" class=\"wp-image-157912\" src=\"https:\/\/diarioregionaldigital.com.br\/wp-content\/uploads\/2020\/04\/fotoi-2-e1585971053555.jpg\" alt=\"\" width=\"680\" height=\"521\" srcset=\"https:\/\/diarioregionaldigital.com.br\/wp-content\/uploads\/2020\/04\/fotoi-2-e1585971053555.jpg 1518w, https:\/\/diarioregionaldigital.com.br\/wp-content\/uploads\/2020\/04\/fotoi-2-e1585971053555-300x230.jpg 300w, https:\/\/diarioregionaldigital.com.br\/wp-content\/uploads\/2020\/04\/fotoi-2-e1585971053555-768x588.jpg 768w, https:\/\/diarioregionaldigital.com.br\/wp-content\/uploads\/2020\/04\/fotoi-2-e1585971053555-1024x785.jpg 1024w, https:\/\/diarioregionaldigital.com.br\/wp-content\/uploads\/2020\/04\/fotoi-2-e1585971053555-360x276.jpg 360w\" sizes=\"auto, (max-width: 680px) 100vw, 680px\" \/><p id=\"caption-attachment-157912\" class=\"wp-caption-text\">O charme do empres\u00e1rio e quituteiro M\u00e1rcio Marques<\/p><\/div>\n<div id=\"attachment_157913\" style=\"width: 690px\" class=\"wp-caption aligncenter\"><img loading=\"lazy\" decoding=\"async\" aria-describedby=\"caption-attachment-157913\" class=\"wp-image-157913\" src=\"https:\/\/diarioregionaldigital.com.br\/wp-content\/uploads\/2020\/04\/fotoj-2-e1585971093656.jpg\" alt=\"\" width=\"680\" height=\"469\" srcset=\"https:\/\/diarioregionaldigital.com.br\/wp-content\/uploads\/2020\/04\/fotoj-2-e1585971093656.jpg 2478w, https:\/\/diarioregionaldigital.com.br\/wp-content\/uploads\/2020\/04\/fotoj-2-e1585971093656-300x207.jpg 300w, https:\/\/diarioregionaldigital.com.br\/wp-content\/uploads\/2020\/04\/fotoj-2-e1585971093656-768x530.jpg 768w, https:\/\/diarioregionaldigital.com.br\/wp-content\/uploads\/2020\/04\/fotoj-2-e1585971093656-1024x707.jpg 1024w, https:\/\/diarioregionaldigital.com.br\/wp-content\/uploads\/2020\/04\/fotoj-2-e1585971093656-360x248.jpg 360w, https:\/\/diarioregionaldigital.com.br\/wp-content\/uploads\/2020\/04\/fotoj-2-e1585971093656-100x70.jpg 100w\" sizes=\"auto, (max-width: 680px) 100vw, 680px\" \/><p id=\"caption-attachment-157913\" class=\"wp-caption-text\">Trazendo alegria para este domingo em fam\u00edlia: Leonardo Souza e Fabr\u00edcia Meirelles e a linda estrelinha Maria Fernanda<\/p><\/div>\n<p style=\"text-align: center;\"><strong>FOTOSS\u00cdNTESE<\/strong><\/p>\n<p>Para divulgar mensalmente o trabalho de artistas de Juiz de Fora a Funalfa lan\u00e7ou a Web-S\u00e9rie \u201cPega a Vis\u00e3o\u201d. A estreia foi com o poeta Wanderson Luis de Souza (Wandin).<\/p>\n<p>Digno de elogios o professor de Hist\u00f3ria do JF Sudeste, Ant\u00f4nio Gasparette lan\u00e7ou o livro \u201cAtm\u00f3sfera de Plomo. Las Declaraciones de Estado de S\u00edtio em la Primeira Rep\u00fablica Brasile\u00f1a\u201d. A obra teve vers\u00e3o espanhola e sai pela Editora Tirant lo Blanch de Val\u00eancia.<\/p>\n<p>Para celebrar seus 28 anos, o Bom Clima Sorvetes Arte sanais em tempo de quarentena coloca em ritmo de delivery seus sorvetes e picol\u00e9s artesanais, produtos congelados (brownie, p\u00e3o de queijo da casa, salgados diversos e caldos deliciosos). Pe\u00e7a pelo Whatsapp: 98477-4908 e na loja da f\u00e1brica: 3213-7762.<\/p>\n<p>Elegante e discreta, Maria Cristina Andreoli est\u00e1 com nova fun\u00e7\u00e3o. Tomou posse na C\u00e2mara de Ci\u00eancias Exatas e dos Materiais do Conselho Curador da Fapemig.<\/p>\n<p>O Instituto Vianna J\u00fanior n\u00e3o para. No momento arrecada chocolates para a campanha da P\u00e1scoa.<\/p>\n<p>Ant\u00f4nio Pereira Duarte foi nomeado procurador-geral da Justi\u00e7a Militar. O novo cargo partiu do procurador geral da Rep\u00fablica, Ant\u00f4nio Augusto Aras. Parab\u00e9ns.<\/p>\n<p>Para ficar alerta: Neste momento de isolamento social, fa\u00e7a o necess\u00e1rio para ampliar sua margem de seguran\u00e7a e, tamb\u00e9m incluir as pessoas com que voc\u00ea relaciona. Mesmo a dist\u00e2ncia ative esse territ\u00f3rio de carinho incluindo todos. Bom dia.<\/p>\n<p><img loading=\"lazy\" decoding=\"async\" class=\"aligncenter size-full wp-image-157929\" src=\"https:\/\/diarioregionaldigital.com.br\/wp-content\/uploads\/2020\/04\/anuncio-68.jpg\" alt=\"\" width=\"3564\" height=\"1380\" srcset=\"https:\/\/diarioregionaldigital.com.br\/wp-content\/uploads\/2020\/04\/anuncio-68.jpg 3564w, https:\/\/diarioregionaldigital.com.br\/wp-content\/uploads\/2020\/04\/anuncio-68-300x116.jpg 300w, https:\/\/diarioregionaldigital.com.br\/wp-content\/uploads\/2020\/04\/anuncio-68-768x297.jpg 768w, https:\/\/diarioregionaldigital.com.br\/wp-content\/uploads\/2020\/04\/anuncio-68-1024x396.jpg 1024w, https:\/\/diarioregionaldigital.com.br\/wp-content\/uploads\/2020\/04\/anuncio-68-360x139.jpg 360w\" sizes=\"auto, (max-width: 3564px) 100vw, 3564px\" \/><\/p>\n<p style=\"text-align: center;\">\n","protected":false},"excerpt":{"rendered":"<p>Aten\u00e7\u00e3o Para aumentar a receita da sua empresa nesse momento \u00e9 de bom tom lan\u00e7ar m\u00e3o de solu\u00e7\u00f5es. Para tanto fa\u00e7a promo\u00e7\u00f5es com produtos em estoque; fortale\u00e7a as estrat\u00e9gias digitais da empresa como a presen\u00e7a nas m\u00eddias sociais e a venda em plataformas on-line, e investir na estrat\u00e9gia de delivery. Oferecer frete gr\u00e1tis e mimos [&hellip;]<\/p>\n","protected":false},"author":96,"featured_media":157904,"comment_status":"closed","ping_status":"closed","sticky":false,"template":"","format":"standard","meta":{"footnotes":""},"categories":[264],"tags":[],"class_list":["post-157928","post","type-post","status-publish","format-standard","has-post-thumbnail","hentry","category-eduardo-gomes"],"_links":{"self":[{"href":"https:\/\/diarioregionaldigital.com.br\/index.php?rest_route=\/wp\/v2\/posts\/157928","targetHints":{"allow":["GET"]}}],"collection":[{"href":"https:\/\/diarioregionaldigital.com.br\/index.php?rest_route=\/wp\/v2\/posts"}],"about":[{"href":"https:\/\/diarioregionaldigital.com.br\/index.php?rest_route=\/wp\/v2\/types\/post"}],"author":[{"embeddable":true,"href":"https:\/\/diarioregionaldigital.com.br\/index.php?rest_route=\/wp\/v2\/users\/96"}],"replies":[{"embeddable":true,"href":"https:\/\/diarioregionaldigital.com.br\/index.php?rest_route=%2Fwp%2Fv2%2Fcomments&post=157928"}],"version-history":[{"count":0,"href":"https:\/\/diarioregionaldigital.com.br\/index.php?rest_route=\/wp\/v2\/posts\/157928\/revisions"}],"wp:featuredmedia":[{"embeddable":true,"href":"https:\/\/diarioregionaldigital.com.br\/index.php?rest_route=\/wp\/v2\/media\/157904"}],"wp:attachment":[{"href":"https:\/\/diarioregionaldigital.com.br\/index.php?rest_route=%2Fwp%2Fv2%2Fmedia&parent=157928"}],"wp:term":[{"taxonomy":"category","embeddable":true,"href":"https:\/\/diarioregionaldigital.com.br\/index.php?rest_route=%2Fwp%2Fv2%2Fcategories&post=157928"},{"taxonomy":"post_tag","embeddable":true,"href":"https:\/\/diarioregionaldigital.com.br\/index.php?rest_route=%2Fwp%2Fv2%2Ftags&post=157928"}],"curies":[{"name":"wp","href":"https:\/\/api.w.org\/{rel}","templated":true}]}}