{"id":157923,"date":"2020-04-03T19:25:48","date_gmt":"2020-04-03T22:25:48","guid":{"rendered":"https:\/\/diarioregionaldigital.com.br\/?p=157923"},"modified":"2020-04-03T19:25:48","modified_gmt":"2020-04-03T22:25:48","slug":"antonio-almas-fala-sobre-atuais-condicoes-hospitalares-de-juiz-de-fora","status":"publish","type":"post","link":"https:\/\/diarioregionaldigital.com.br\/?p=157923","title":{"rendered":"Ant\u00f4nio Almas fala sobre atuais condi\u00e7\u00f5es hospitalares de Juiz de Fora"},"content":{"rendered":"<p><span style=\"font-weight: 400;\">O prefeito de Juiz de Fora, Ant\u00f4nio Almas, falou durante uma coletiva realizada na C\u00e2mara Municipal, sobre as atuais condi\u00e7\u00f5es hospitalares da cidade, para receber pacientes diagnosticados com Coronav\u00edrus.<\/span><\/p>\n<p><span style=\"font-weight: 400;\">Ant\u00f4nio Almas comentou que a Prefeitura de Juiz de Fora (PJF), est\u00e1 com o foco mais voltado para a microrregi\u00e3o e tamb\u00e9m para uma popula\u00e7\u00e3o de 1,5 milh\u00e3o de pessoas:<\/span><\/p>\n<p><span style=\"font-weight: 400;\">\u201cN\u00f3s podemos hoje trabalhar mais efetivamente pensando exatamente na microrregi\u00e3o de Juiz de Fora e por isso n\u00f3s estamos com o olhar voltado para uma popula\u00e7\u00e3o de 1,5 milh\u00e3o de pessoas. E por isso n\u00f3s vamos nos programar e organizar dentro daquilo que for da compet\u00eancia do munic\u00edpio de Juiz de Fora\u201d.<\/span><\/p>\n<p><span style=\"font-weight: 400;\">O prefeito comentou logo em seguida sobre a situa\u00e7\u00e3o dos leitos \u00e0 disposi\u00e7\u00e3o para o tratamento de pacientes contaminados pelo Covid-19 e apresentou dados sobre a real situa\u00e7\u00e3o:<\/span><\/p>\n<p><span style=\"font-weight: 400;\">\u201cN\u00f3s temos em Juiz de Fora hoje 210 leitos de terapia intensiva, sendo que desses 113 s\u00e3o p\u00fablicos e 97 s\u00e3o privados. Do ponto de vista da enfermaria, n\u00f3s temos 1401 leitos em Juiz de Fora, com 693 livres e 708 leitos sendo ocupados por diversas patologias na cidade\u201d.<\/span><\/p>\n<p><span style=\"font-weight: 400;\">Ant\u00f4nio Almas falou sobre a quest\u00e3o de EPIs dispon\u00edveis para os profissionais de sa\u00fade e informou sobre investimento nos materiais, que a PJF realizou nessa semana:<\/span><\/p>\n<p><span style=\"font-weight: 400;\">\u201cCom rela\u00e7\u00e3o aos EPIs, eu posso j\u00e1 transmitir que nessa semana n\u00f3s fizemos investimento de compra dos materiais no valor de R$ 2,6 milh\u00f5es. Sendo que R$ 1,9 milh\u00e3o s\u00e3o decorrentes das emendas parlamentares dos vereadores de Juiz de Fora. Aos outros R$ 800.000, eles s\u00e3o do pr\u00f3prio tesouro municipal. A quest\u00e3o dos respiradores \u00e9 um ponto que tenhamos muita clareza, n\u00f3s estamos tendo muita dificuldade para comprar. Alguns empres\u00e1rios da cidade estavam se articulando inclusive para compra de v\u00e1rios respiradores, chegaram a fazer encomenda com o fornecedor, quando foram buscar, eles n\u00e3o puderam mais efetuar a compra, porque o Minist\u00e9rio da Sa\u00fade assumiu a responsabilidade da compra\u201d.<\/span><\/p>\n<p><span style=\"font-weight: 400;\">Agora a PJF aguarda resposta do Governo do Estado de Minas Gerais para a libera\u00e7\u00e3o dos leitos de diversos setores da sa\u00fade de Juiz de Fora. Ant\u00f4nio Almas comentou sobre o assunto:<\/span><\/p>\n<p><span style=\"font-weight: 400;\">\u201cN\u00f3s estamos esperando ainda a libera\u00e7\u00e3o de 10 leitos do Hospital Jo\u00e3o Penido, por parte do governo do estado, e temos algumas possibilidades em Juiz de Fora com o setor conveniado ao SUS e tamb\u00e9m com o pr\u00f3prio setor privado\u201d.<\/span><\/p>\n<p><span style=\"font-weight: 400;\">Assim como havia anunciado na \u00faltima semana, Ant\u00f4nio Almas volta a dar \u00eanfase na import\u00e2ncia para o isolamento social:<\/span><\/p>\n<p><span style=\"font-weight: 400;\">\u201cN\u00f3s temos certeza que se n\u00e3o fizermos o dever de casa, que \u00e9 ficar em casa, n\u00f3s enfrentaremos a falta de respiradores\u201d.<\/span><\/p>\n<p>&nbsp;<\/p>\n","protected":false},"excerpt":{"rendered":"<p>O prefeito de Juiz de Fora, Ant\u00f4nio Almas, falou durante uma coletiva realizada na C\u00e2mara Municipal, sobre as atuais condi\u00e7\u00f5es hospitalares da cidade, para receber pacientes diagnosticados com Coronav\u00edrus. Ant\u00f4nio Almas comentou que a Prefeitura de Juiz de Fora (PJF), est\u00e1 com o foco mais voltado para a microrregi\u00e3o e tamb\u00e9m para uma popula\u00e7\u00e3o de [&hellip;]<\/p>\n","protected":false},"author":96,"featured_media":157658,"comment_status":"closed","ping_status":"closed","sticky":false,"template":"","format":"standard","meta":{"footnotes":""},"categories":[253,436,440,439],"tags":[],"class_list":["post-157923","post","type-post","status-publish","format-standard","has-post-thumbnail","hentry","category-cidade","category-destaque-da-semana","category-destaques-do-dia","category-ultima-hora"],"_links":{"self":[{"href":"https:\/\/diarioregionaldigital.com.br\/index.php?rest_route=\/wp\/v2\/posts\/157923","targetHints":{"allow":["GET"]}}],"collection":[{"href":"https:\/\/diarioregionaldigital.com.br\/index.php?rest_route=\/wp\/v2\/posts"}],"about":[{"href":"https:\/\/diarioregionaldigital.com.br\/index.php?rest_route=\/wp\/v2\/types\/post"}],"author":[{"embeddable":true,"href":"https:\/\/diarioregionaldigital.com.br\/index.php?rest_route=\/wp\/v2\/users\/96"}],"replies":[{"embeddable":true,"href":"https:\/\/diarioregionaldigital.com.br\/index.php?rest_route=%2Fwp%2Fv2%2Fcomments&post=157923"}],"version-history":[{"count":0,"href":"https:\/\/diarioregionaldigital.com.br\/index.php?rest_route=\/wp\/v2\/posts\/157923\/revisions"}],"wp:featuredmedia":[{"embeddable":true,"href":"https:\/\/diarioregionaldigital.com.br\/index.php?rest_route=\/wp\/v2\/media\/157658"}],"wp:attachment":[{"href":"https:\/\/diarioregionaldigital.com.br\/index.php?rest_route=%2Fwp%2Fv2%2Fmedia&parent=157923"}],"wp:term":[{"taxonomy":"category","embeddable":true,"href":"https:\/\/diarioregionaldigital.com.br\/index.php?rest_route=%2Fwp%2Fv2%2Fcategories&post=157923"},{"taxonomy":"post_tag","embeddable":true,"href":"https:\/\/diarioregionaldigital.com.br\/index.php?rest_route=%2Fwp%2Fv2%2Ftags&post=157923"}],"curies":[{"name":"wp","href":"https:\/\/api.w.org\/{rel}","templated":true}]}}