{"id":157920,"date":"2020-04-03T16:31:57","date_gmt":"2020-04-03T19:31:57","guid":{"rendered":"https:\/\/diarioregionaldigital.com.br\/?p=157920"},"modified":"2020-04-03T16:31:57","modified_gmt":"2020-04-03T19:31:57","slug":"vereadores-visitam-upa-de-santa-luzia","status":"publish","type":"post","link":"https:\/\/diarioregionaldigital.com.br\/?p=157920","title":{"rendered":"Vereadores visitam UPA de Santa Luzia"},"content":{"rendered":"<p>Nessa semana os vereadores Cido Reis (PSB) e Kennedy Ribeiro (sem partido) estiveram na Unidade de Pronto Atendimento de Santa Luzia (UPA) para verificar a situa\u00e7\u00e3o da unidade de sa\u00fade que j\u00e1 recebeu cinco poss\u00edveis casos de COVID-19.<\/p>\n<p>Atualmente a unidade tem 3 m\u00e9dicos cl\u00ednicos gerais para o atendimento de triagem e 1 m\u00e9dico mais dois residentes para o atendimento em situa\u00e7\u00f5es cr\u00edticas. O respons\u00e1vel t\u00e9cnico e enfermeiro Josias Jos\u00e9 dos Santos acompanhou a visita e mostrou os procedimentos que est\u00e3o sendo realizados pelos profissionais de sa\u00fade. De acordo com Josias quando o paciente faz o teste da COVID-19, o exame demora cerca de 14 dias para ficar pronto e s\u00f3 depois pode ser dado o diagn\u00f3stico.<\/p>\n<p>O vereador Cido disse que \u201cessa visita \u00e9 para verificar as condi\u00e7\u00f5es, tanto de trabalho dos profissionais de sa\u00fade quanto\u00a0 da situa\u00e7\u00e3o dos pacientes\u201d. J\u00e1 o vereador Kennedy salientou que continuar\u00e1 realizando as idas nas unidades de sa\u00fade.<\/p>\n<p>O gerente geral da Unidade, Marco Ant\u00f4nio Guimar\u00e3es de Almeida, tamb\u00e9m estava no local e informou que todos os protocolos est\u00e3o sendo respeitados pela UPA e salientou a necessidade de as pessoas comparecerem na unidade apenas com sintomas do Coronav\u00edrus, que se caracteriza por ind\u00edcios como dor de garganta, tosse, febre e, principalmente, falta de ar.<\/p>\n<p>&nbsp;<\/p>\n<p><strong>Fonte:\u00a0<\/strong>Assessoria<\/p>\n","protected":false},"excerpt":{"rendered":"<p>Nessa semana os vereadores Cido Reis (PSB) e Kennedy Ribeiro (sem partido) estiveram na Unidade de Pronto Atendimento de Santa Luzia (UPA) para verificar a situa\u00e7\u00e3o da unidade de sa\u00fade que j\u00e1 recebeu cinco poss\u00edveis casos de COVID-19. Atualmente a unidade tem 3 m\u00e9dicos cl\u00ednicos gerais para o atendimento de triagem e 1 m\u00e9dico mais [&hellip;]<\/p>\n","protected":false},"author":96,"featured_media":157921,"comment_status":"closed","ping_status":"closed","sticky":false,"template":"","format":"standard","meta":{"footnotes":""},"categories":[253,436,440,439],"tags":[],"class_list":["post-157920","post","type-post","status-publish","format-standard","has-post-thumbnail","hentry","category-cidade","category-destaque-da-semana","category-destaques-do-dia","category-ultima-hora"],"_links":{"self":[{"href":"https:\/\/diarioregionaldigital.com.br\/index.php?rest_route=\/wp\/v2\/posts\/157920","targetHints":{"allow":["GET"]}}],"collection":[{"href":"https:\/\/diarioregionaldigital.com.br\/index.php?rest_route=\/wp\/v2\/posts"}],"about":[{"href":"https:\/\/diarioregionaldigital.com.br\/index.php?rest_route=\/wp\/v2\/types\/post"}],"author":[{"embeddable":true,"href":"https:\/\/diarioregionaldigital.com.br\/index.php?rest_route=\/wp\/v2\/users\/96"}],"replies":[{"embeddable":true,"href":"https:\/\/diarioregionaldigital.com.br\/index.php?rest_route=%2Fwp%2Fv2%2Fcomments&post=157920"}],"version-history":[{"count":0,"href":"https:\/\/diarioregionaldigital.com.br\/index.php?rest_route=\/wp\/v2\/posts\/157920\/revisions"}],"wp:featuredmedia":[{"embeddable":true,"href":"https:\/\/diarioregionaldigital.com.br\/index.php?rest_route=\/wp\/v2\/media\/157921"}],"wp:attachment":[{"href":"https:\/\/diarioregionaldigital.com.br\/index.php?rest_route=%2Fwp%2Fv2%2Fmedia&parent=157920"}],"wp:term":[{"taxonomy":"category","embeddable":true,"href":"https:\/\/diarioregionaldigital.com.br\/index.php?rest_route=%2Fwp%2Fv2%2Fcategories&post=157920"},{"taxonomy":"post_tag","embeddable":true,"href":"https:\/\/diarioregionaldigital.com.br\/index.php?rest_route=%2Fwp%2Fv2%2Ftags&post=157920"}],"curies":[{"name":"wp","href":"https:\/\/api.w.org\/{rel}","templated":true}]}}