{"id":157917,"date":"2020-04-03T16:30:33","date_gmt":"2020-04-03T19:30:33","guid":{"rendered":"https:\/\/diarioregionaldigital.com.br\/?p=157917"},"modified":"2020-04-03T16:30:33","modified_gmt":"2020-04-03T19:30:33","slug":"inscricao-no-cadastro-mobiliario-de-contribuintes-passa-por-modificacao","status":"publish","type":"post","link":"https:\/\/diarioregionaldigital.com.br\/?p=157917","title":{"rendered":"Inscri\u00e7\u00e3o no Cadastro Mobili\u00e1rio de Contribuintes passa por modifica\u00e7\u00e3o"},"content":{"rendered":"<p>Devido \u00e0 pandemia do coronav\u00edrus (covid-19), a Prefeitura de Juiz de Fora (PJF) tem ajustado todos os atendimentos, que antes eram presenciais, a fim de evitar a transmiss\u00e3o\/cont\u00e1gio. Em virtude disso, a Secretaria de Fazenda (SF) alterou a forma para inscri\u00e7\u00e3o no Cadastro Mobili\u00e1rio de Contribuintes (CMC), na emiss\u00e3o de Certid\u00e3o de Valor Venal de Im\u00f3vel e na validade das Certid\u00f5es Negativas de D\u00e9bito (CND).<\/p>\n<p>&nbsp;<\/p>\n<p><strong>&#8211; Inscri\u00e7\u00f5es CMC<\/strong><\/p>\n<p>Para novas inscri\u00e7\u00f5es, \u00e9 preciso enviar e-mail para drm@pjf.mg.gov.br, com a documenta\u00e7\u00e3o abaixo:<\/p>\n<p>&nbsp;<\/p>\n<p><strong>&#8211; Pessoa jur\u00eddica:<\/strong><\/p>\n<p><strong>1)<\/strong> Cadastro Nacional de Pessoa Jur\u00eddica (CNPJ)<\/p>\n<p><strong>2)<\/strong> Consulta de viabilidade, emitida pelo site da Junta Comercial do Estado de Minas Gerais (Jucemg), que substitui a consulta pr\u00e9via da PJF<\/p>\n<p><strong>3)<\/strong> Contrato social<\/p>\n<p><strong>4)<\/strong> Requerimento n\u00ba 68 preenchido<\/p>\n<p>&nbsp;<\/p>\n<p><strong>&#8211; Microempreendedor Individual (MEI):<\/strong><\/p>\n<p><strong>1)<\/strong> CNPJ<\/p>\n<p><strong>2)<\/strong> Certificado de MEI<\/p>\n<p><strong>3)<\/strong> Requerimento n\u00ba 31 preenchido<\/p>\n<p>&nbsp;<\/p>\n<p>Ap\u00f3s a efetiva\u00e7\u00e3o da inscri\u00e7\u00e3o, o contribuinte ser\u00e1 notificado da obrigatoriedade de protocolar o requerimento pelas vias formais, no Espa\u00e7o Cidad\u00e3o\/JF, t\u00e3o logo finalize o regime excepcional de trabalho e os atendimentos presenciais voltem a ser realizados, sob pena de cancelamento da inscri\u00e7\u00e3o feita e da permiss\u00e3o de emiss\u00e3o de nota fiscal eletr\u00f4nica. As d\u00favidas poder\u00e3o ser esclarecidas atrav\u00e9s do telefone 3690-7419.<\/p>\n<p>&nbsp;<\/p>\n<p><strong>&#8211; Emiss\u00e3o de Certid\u00e3o de Valor Venal de Im\u00f3vel<\/strong><\/p>\n<p>O contribuinte deve ligar para o Espa\u00e7o Cidad\u00e3o\/JF (2104-8531 ou 2104-8530). Ser\u00e1 emitido o Documento de Arrecada\u00e7\u00e3o Municipal (DAM) para pagamento. Ap\u00f3s, a pessoa deve ligar novamente para um destes n\u00fameros, para agendar a apresenta\u00e7\u00e3o do comprovante e pegar a certid\u00e3o.<\/p>\n<p>&nbsp;<\/p>\n<p><strong>&#8211; Prorroga\u00e7\u00e3o CND<\/strong><\/p>\n<p>De acordo com o Decreto Municipal 13.903, a validade das Certid\u00f5es Negativas de D\u00e9bito de Im\u00f3vel (CNDI), de D\u00e9bito Ampla (CNDA) e Positivas com efeito de Negativas, que tenham vencido a partir do dia 17 de mar\u00e7o, tem sua validade prorrogada at\u00e9 o dia 17 de junho.<\/p>\n<p>&nbsp;<\/p>\n<p><strong>Fonte:\u00a0<\/strong>Assessoria<\/p>\n","protected":false},"excerpt":{"rendered":"<p>Devido \u00e0 pandemia do coronav\u00edrus (covid-19), a Prefeitura de Juiz de Fora (PJF) tem ajustado todos os atendimentos, que antes eram presenciais, a fim de evitar a transmiss\u00e3o\/cont\u00e1gio. Em virtude disso, a Secretaria de Fazenda (SF) alterou a forma para inscri\u00e7\u00e3o no Cadastro Mobili\u00e1rio de Contribuintes (CMC), na emiss\u00e3o de Certid\u00e3o de Valor Venal de [&hellip;]<\/p>\n","protected":false},"author":96,"featured_media":157918,"comment_status":"closed","ping_status":"closed","sticky":false,"template":"","format":"standard","meta":{"footnotes":""},"categories":[253,436,439],"tags":[],"class_list":["post-157917","post","type-post","status-publish","format-standard","has-post-thumbnail","hentry","category-cidade","category-destaque-da-semana","category-ultima-hora"],"_links":{"self":[{"href":"https:\/\/diarioregionaldigital.com.br\/index.php?rest_route=\/wp\/v2\/posts\/157917","targetHints":{"allow":["GET"]}}],"collection":[{"href":"https:\/\/diarioregionaldigital.com.br\/index.php?rest_route=\/wp\/v2\/posts"}],"about":[{"href":"https:\/\/diarioregionaldigital.com.br\/index.php?rest_route=\/wp\/v2\/types\/post"}],"author":[{"embeddable":true,"href":"https:\/\/diarioregionaldigital.com.br\/index.php?rest_route=\/wp\/v2\/users\/96"}],"replies":[{"embeddable":true,"href":"https:\/\/diarioregionaldigital.com.br\/index.php?rest_route=%2Fwp%2Fv2%2Fcomments&post=157917"}],"version-history":[{"count":0,"href":"https:\/\/diarioregionaldigital.com.br\/index.php?rest_route=\/wp\/v2\/posts\/157917\/revisions"}],"wp:featuredmedia":[{"embeddable":true,"href":"https:\/\/diarioregionaldigital.com.br\/index.php?rest_route=\/wp\/v2\/media\/157918"}],"wp:attachment":[{"href":"https:\/\/diarioregionaldigital.com.br\/index.php?rest_route=%2Fwp%2Fv2%2Fmedia&parent=157917"}],"wp:term":[{"taxonomy":"category","embeddable":true,"href":"https:\/\/diarioregionaldigital.com.br\/index.php?rest_route=%2Fwp%2Fv2%2Fcategories&post=157917"},{"taxonomy":"post_tag","embeddable":true,"href":"https:\/\/diarioregionaldigital.com.br\/index.php?rest_route=%2Fwp%2Fv2%2Ftags&post=157917"}],"curies":[{"name":"wp","href":"https:\/\/api.w.org\/{rel}","templated":true}]}}