{"id":157914,"date":"2020-04-03T16:29:02","date_gmt":"2020-04-03T19:29:02","guid":{"rendered":"https:\/\/diarioregionaldigital.com.br\/?p=157914"},"modified":"2020-04-03T16:29:02","modified_gmt":"2020-04-03T19:29:02","slug":"individuos-acusados-de-homicidio-sao-presos-no-jockei-clube","status":"publish","type":"post","link":"https:\/\/diarioregionaldigital.com.br\/?p=157914","title":{"rendered":"Indiv\u00edduos acusados de homic\u00eddio s\u00e3o presos no J\u00f3ckei Clube"},"content":{"rendered":"<p>A Pol\u00edcia Militar (PM), prendeu dois indiv\u00edduos, sem idade informada, acusados de homic\u00eddio e que estariam com posse de arma de fogo, no Bairro J\u00f3quei Clube (Regi\u00e3o Noroeste) em Juiz de Fora.<\/p>\n<p>O caso ocorreu durante um patrulhamento pela Rua Ambrosina Nunes Lima e em um determinado momento, os policiais avistaram os dois suspeitos, em frente a um port\u00e3o de uma resid\u00eancia. Ao perceberem a presen\u00e7a da viatura, os infratores entraram na resid\u00eancia, mas deixaram o port\u00e3o de entrada aberto.<\/p>\n<p>Os policiais entraram na resid\u00eancia e encontraram os dois autores, junto com o pai de um deles e o mesmo liberou a entrada. Os autores demonstraram nervosismo e durante buscas pelo im\u00f3vel, a PM encontrou um rev\u00f3lver e sete muni\u00e7\u00f5es calibre 38, um coldre, dois r\u00e1dios transmissores e um papelote de coca\u00edna. Segundo informa\u00e7\u00f5es dos suspeitos, a arma apreendida foi utilizada na execu\u00e7\u00e3o do homic\u00eddio. Os infratores e os materiais foram apreendidos.<\/p>\n<p>&nbsp;<\/p>\n","protected":false},"excerpt":{"rendered":"<p>A Pol\u00edcia Militar (PM), prendeu dois indiv\u00edduos, sem idade informada, acusados de homic\u00eddio e que estariam com posse de arma de fogo, no Bairro J\u00f3quei Clube (Regi\u00e3o Noroeste) em Juiz de Fora. O caso ocorreu durante um patrulhamento pela Rua Ambrosina Nunes Lima e em um determinado momento, os policiais avistaram os dois suspeitos, em [&hellip;]<\/p>\n","protected":false},"author":96,"featured_media":157915,"comment_status":"closed","ping_status":"closed","sticky":false,"template":"","format":"standard","meta":{"footnotes":""},"categories":[301,436,439],"tags":[],"class_list":["post-157914","post","type-post","status-publish","format-standard","has-post-thumbnail","hentry","category-artigos-policiais","category-destaque-da-semana","category-ultima-hora"],"_links":{"self":[{"href":"https:\/\/diarioregionaldigital.com.br\/index.php?rest_route=\/wp\/v2\/posts\/157914","targetHints":{"allow":["GET"]}}],"collection":[{"href":"https:\/\/diarioregionaldigital.com.br\/index.php?rest_route=\/wp\/v2\/posts"}],"about":[{"href":"https:\/\/diarioregionaldigital.com.br\/index.php?rest_route=\/wp\/v2\/types\/post"}],"author":[{"embeddable":true,"href":"https:\/\/diarioregionaldigital.com.br\/index.php?rest_route=\/wp\/v2\/users\/96"}],"replies":[{"embeddable":true,"href":"https:\/\/diarioregionaldigital.com.br\/index.php?rest_route=%2Fwp%2Fv2%2Fcomments&post=157914"}],"version-history":[{"count":0,"href":"https:\/\/diarioregionaldigital.com.br\/index.php?rest_route=\/wp\/v2\/posts\/157914\/revisions"}],"wp:featuredmedia":[{"embeddable":true,"href":"https:\/\/diarioregionaldigital.com.br\/index.php?rest_route=\/wp\/v2\/media\/157915"}],"wp:attachment":[{"href":"https:\/\/diarioregionaldigital.com.br\/index.php?rest_route=%2Fwp%2Fv2%2Fmedia&parent=157914"}],"wp:term":[{"taxonomy":"category","embeddable":true,"href":"https:\/\/diarioregionaldigital.com.br\/index.php?rest_route=%2Fwp%2Fv2%2Fcategories&post=157914"},{"taxonomy":"post_tag","embeddable":true,"href":"https:\/\/diarioregionaldigital.com.br\/index.php?rest_route=%2Fwp%2Fv2%2Ftags&post=157914"}],"curies":[{"name":"wp","href":"https:\/\/api.w.org\/{rel}","templated":true}]}}