{"id":157901,"date":"2020-04-03T15:07:56","date_gmt":"2020-04-03T18:07:56","guid":{"rendered":"https:\/\/diarioregionaldigital.com.br\/?p=157901"},"modified":"2020-04-03T15:07:56","modified_gmt":"2020-04-03T18:07:56","slug":"conmebol-considera-realizar-jogos-sem-torcida","status":"publish","type":"post","link":"https:\/\/diarioregionaldigital.com.br\/?p=157901","title":{"rendered":"Conmebol considera realizar jogos sem torcida"},"content":{"rendered":"<p>Em decorr\u00eancia do Coronav\u00edrus, Confedera\u00e7\u00e3o Sul-Americana de Futebol (Conmebol), diz considerar a hip\u00f3tese de realizar os jogos da Ta\u00e7a Libertadores e Copa Sul-Americana, sem presen\u00e7a dos torcedores nos est\u00e1dios. As duas competi\u00e7\u00f5es tiveram suas paralisa\u00e7\u00f5es decretadas na primeira quinzena do m\u00eas de mar\u00e7o.<\/p>\n<p>Como a luta contra o Covid-19 est\u00e1 em est\u00e1gios iniciais pela Am\u00e9rica do Sul, h\u00e1 d\u00favidas sobre a possibilidade de concluir o calend\u00e1rio do futebol dentro do prazo. No entanto o presidente da Conmebol, Alejandro Dom\u00ednguez, disse em uma entrevista que est\u00e1 otimista quanto ao caso e que a realiza\u00e7\u00e3o dos jogos sem torcida \u00e9 a solu\u00e7\u00e3o para o calend\u00e1rio do futebol:<\/p>\n<p><em>\u201cAcho que as coisas voltar\u00e3o ao normal, mas isso vai levar tempo. E \u00e9 claro que quero ver est\u00e1dios cheios. Mas se a forma de ter o futebol de volta \u00e9 jogar sem torcedores, ent\u00e3o \u00e9 assim que vamos jogar\u201d.<\/em><\/p>\n<p><em>\u00a0<\/em>O problema quanto \u00e0 realiza\u00e7\u00e3o dos jogos sem torcida, \u00e9 a situa\u00e7\u00e3o do Coronav\u00edrus em cada pa\u00eds da Am\u00e9rica do Sul. Inclusive alguns fecharam suas fronteiras, para conter entrada de estrangeiros e consequentemente evitar o contagio.<\/p>\n<p>&nbsp;<\/p>\n","protected":false},"excerpt":{"rendered":"<p>Em decorr\u00eancia do Coronav\u00edrus, Confedera\u00e7\u00e3o Sul-Americana de Futebol (Conmebol), diz considerar a hip\u00f3tese de realizar os jogos da Ta\u00e7a Libertadores e Copa Sul-Americana, sem presen\u00e7a dos torcedores nos est\u00e1dios. As duas competi\u00e7\u00f5es tiveram suas paralisa\u00e7\u00f5es decretadas na primeira quinzena do m\u00eas de mar\u00e7o. Como a luta contra o Covid-19 est\u00e1 em est\u00e1gios iniciais pela Am\u00e9rica [&hellip;]<\/p>\n","protected":false},"author":96,"featured_media":157902,"comment_status":"closed","ping_status":"closed","sticky":false,"template":"","format":"standard","meta":{"footnotes":""},"categories":[436,257,439],"tags":[],"class_list":["post-157901","post","type-post","status-publish","format-standard","has-post-thumbnail","hentry","category-destaque-da-semana","category-esporte","category-ultima-hora"],"_links":{"self":[{"href":"https:\/\/diarioregionaldigital.com.br\/index.php?rest_route=\/wp\/v2\/posts\/157901","targetHints":{"allow":["GET"]}}],"collection":[{"href":"https:\/\/diarioregionaldigital.com.br\/index.php?rest_route=\/wp\/v2\/posts"}],"about":[{"href":"https:\/\/diarioregionaldigital.com.br\/index.php?rest_route=\/wp\/v2\/types\/post"}],"author":[{"embeddable":true,"href":"https:\/\/diarioregionaldigital.com.br\/index.php?rest_route=\/wp\/v2\/users\/96"}],"replies":[{"embeddable":true,"href":"https:\/\/diarioregionaldigital.com.br\/index.php?rest_route=%2Fwp%2Fv2%2Fcomments&post=157901"}],"version-history":[{"count":0,"href":"https:\/\/diarioregionaldigital.com.br\/index.php?rest_route=\/wp\/v2\/posts\/157901\/revisions"}],"wp:featuredmedia":[{"embeddable":true,"href":"https:\/\/diarioregionaldigital.com.br\/index.php?rest_route=\/wp\/v2\/media\/157902"}],"wp:attachment":[{"href":"https:\/\/diarioregionaldigital.com.br\/index.php?rest_route=%2Fwp%2Fv2%2Fmedia&parent=157901"}],"wp:term":[{"taxonomy":"category","embeddable":true,"href":"https:\/\/diarioregionaldigital.com.br\/index.php?rest_route=%2Fwp%2Fv2%2Fcategories&post=157901"},{"taxonomy":"post_tag","embeddable":true,"href":"https:\/\/diarioregionaldigital.com.br\/index.php?rest_route=%2Fwp%2Fv2%2Ftags&post=157901"}],"curies":[{"name":"wp","href":"https:\/\/api.w.org\/{rel}","templated":true}]}}