{"id":157899,"date":"2020-04-03T15:06:34","date_gmt":"2020-04-03T18:06:34","guid":{"rendered":"https:\/\/diarioregionaldigital.com.br\/?p=157899"},"modified":"2020-04-03T15:06:34","modified_gmt":"2020-04-03T18:06:34","slug":"faq-do-esporte-olimpico-brasileiro-como-fica-o-planejamento-do-cob-para-os-proximos-meses","status":"publish","type":"post","link":"https:\/\/diarioregionaldigital.com.br\/?p=157899","title":{"rendered":"FAQ do esporte ol\u00edmpico brasileiro: como fica o planejamento do COB para os pr\u00f3ximos meses?"},"content":{"rendered":"<p>A decis\u00e3o do Comit\u00ea Ol\u00edmpico Internacional (COI), do Comit\u00ea Organizador T\u00f3quio 2020 (TOCOG) e do governo japon\u00eas de adiar os Jogos Ol\u00edmpicos para os dias 23 de julho a 8 de agosto de 2021 trouxe al\u00edvio ao esporte ol\u00edmpico brasileiro. Paralelamente, a not\u00edcia trouxe novos desafios para o planejamento do Comit\u00ea Ol\u00edmpico do Brasil (COB) nos pr\u00f3ximos meses.<\/p>\n<p>Buscando ser o mais transparente poss\u00edvel, um dos pilares da gest\u00e3o Paulo Wanderley, o COB responde resumidamente a seguir a uma s\u00e9rie de questionamentos que surgiram desde a oficializa\u00e7\u00e3o da nova data dos Jogos Ol\u00edmpicos:<\/p>\n<p><strong>1) H\u00e1 uma data prevista para a reabertura do Centro de Treinamento Time Brasil (CTTB) e para o retorno do funcionamento normal das atividades na sede da entidade?<\/strong><\/p>\n<p><em>Seguindo recomenda\u00e7\u00e3o do Governo do Estado do Rio de Janeiro, que solicita \u00e0s empresas que priorizem o trabalho remoto durante o estado de pandemia, provocado pelo novo coronav\u00edrus (COVID-19), o COB prorrogou o per\u00edodo de home office de seus colaboradores at\u00e9 o dia 13 de abril de 2020. Este prazo pode ser revisto a qualquer momento.<\/em><\/p>\n<p><strong>2) Os atletas que j\u00e1 conquistaram sua classifica\u00e7\u00e3o ol\u00edmpica manter\u00e3o suas vagas para os Jogos de T\u00f3quio?<\/strong><\/p>\n<p><em>Sim, as 178 vagas ol\u00edmpicas conquistadas pelo Time Brasil at\u00e9 o momento est\u00e3o garantidas, segundo o COI. Isso se aplica tamb\u00e9m aos atletas que j\u00e1 foram confirmados pelas Confedera\u00e7\u00f5es Brasileiras Ol\u00edmpicas como os representantes de suas modalidades em determinadas provas.<\/em><\/p>\n<p><strong>3) E como ficam os processos de qualifica\u00e7\u00e3o para os Jogos de T\u00f3quio? Os atletas cuja suspens\u00e3o por doping se encerra antes da realiza\u00e7\u00e3o do evento estar\u00e3o aptos a brigar por vagas ol\u00edmpicas?<\/strong><\/p>\n<p><em>O COI e as Federa\u00e7\u00f5es Internacionais (FIs) de cada modalidade devem emitir um parecer sobre as classifica\u00e7\u00f5es ol\u00edmpicas em abril, encerrando de vez os questionamentos que v\u00eam do mundo inteiro. Quanto aos atletas suspensos, trata-se de uma decis\u00e3o jur\u00eddica. Logo, n\u00e3o \u00e9 poss\u00edvel se manifestar sobre o tema at\u00e9 o presente instante.<\/em><\/p>\n<p><strong>4) Quais medidas ser\u00e3o tomadas pelo COB a partir de agora em rela\u00e7\u00e3o \u00e0 log\u00edstica para os Jogos de T\u00f3quio?<\/strong><\/p>\n<p><em>Desde a oficializa\u00e7\u00e3o do adiamento dos Jogos, o COB est\u00e1 em contato com todas as bases e fornecedores, manifestando interesse na manuten\u00e7\u00e3o das parcerias. Al\u00e9m disso, o aditamento dos respectivos contratos j\u00e1 est\u00e1 em andamento.<\/em><\/p>\n<p><em>Em rela\u00e7\u00e3o aos seis cont\u00eaineres que seriam enviados ao Jap\u00e3o no in\u00edcio de abril, seu cancelamento j\u00e1 foi efetuado. Haver\u00e1 um custo extra de armazenamento dos materiais, pois parte deles j\u00e1 se encontrava em dep\u00f3sitos no pa\u00eds-sede dos Jogos e outros aqui no Brasil. O rein\u00edcio desta opera\u00e7\u00e3o se dar\u00e1 a partir de agora, com a oficializa\u00e7\u00e3o de nova data do evento.<\/em><\/p>\n<p><em>Por fim, a companhia a\u00e9rea Air Canada, que faria o traslado a\u00e9reo da delega\u00e7\u00e3o brasileira para T\u00f3quio, j\u00e1 se colocou \u00e0 disposi\u00e7\u00e3o para remarcar as datas e voos, de acordo com a nossa demanda. Com a defini\u00e7\u00e3o do novo calend\u00e1rio dos Jogos, ser\u00e3o estipulados os melhores dias de chegadas e partidas dos integrantes do Time Brasil.<\/em><\/p>\n<p><strong>5) Como ficam os contratos de patroc\u00ednio do COB com validade at\u00e9 o fim de 2020?<\/strong><\/p>\n<p><em>Al\u00e9m dos parceiros do programa TOP do COI, o COB possui contratos com as seguintes empresas: Peak, Est\u00e1cio, Travel Ace, Aliansce Sonae, Ajinomoto, BRW, Max Recovery e W\u00f6llner.<\/em><\/p>\n<p><em>Salvo a Peak, que possui acordo at\u00e9 2024, todos os contratos est\u00e3o atrelados ao ciclo ol\u00edmpico de 2017-2020, cujos compromissos ser\u00e3o honrados. Alguns, inclusive, j\u00e1 manifestaram interesse em prorrogar o v\u00ednculo at\u00e9 Paris 2024.<\/em><\/p>\n<p><em>O COB mant\u00e9m ainda uma parceria com a Caixa, que busca aumentar o volume de apostas em seus produtos e, consequentemente, ampliar os recursos para o esporte ol\u00edmpico brasileiro. Vale lembrar que a verba da Lei das Loterias \u00e9 distribu\u00edda em sua maior parte para as Confedera\u00e7\u00f5es Brasileiras Ol\u00edmpicas.<\/em><\/p>\n<p><strong>6) Portanto, a Peak e a W\u00f6llner vestir\u00e3o o Time Brasil nos Jogos de T\u00f3quio?<\/strong><\/p>\n<p><em>Sim. Como mencionado acima, a Peak possui contrato com o COB por mais um ciclo ol\u00edmpico e a produ\u00e7\u00e3o dos uniformes para os Jogos de T\u00f3quio est\u00e1 praticamente pronta. A W\u00f6llner, por sua vez, possui acordo para o desfile da delega\u00e7\u00e3o na cerim\u00f4nia de abertura, independentemente da data de realiza\u00e7\u00e3o dos Jogos.<\/em><\/p>\n<p><strong>7) Quais procedimentos devem ser tomados pelos torcedores brasileiros que adquiriram ingressos para os Jogos Ol\u00edmpicos com a Match Hospitality AG?<\/strong><\/p>\n<p><em>A Match informa que segue no aguardo de orienta\u00e7\u00f5es e defini\u00e7\u00f5es do Comit\u00ea Organizador dos Jogos Ol\u00edmpicos de T\u00f3quio (TOCOG) relativas \u00e0s compras de ingressos. T\u00e3o logo as instru\u00e7\u00f5es sejam transmitidas, a Match repassar\u00e1 as informa\u00e7\u00f5es aos torcedores.<\/em><\/p>\n<p><strong>8) Com o adiamento dos Jogos, o COB cogita voltar a organizar os eventos que haviam sido cancelados por conta da pandemia do novo coronav\u00edrus?<\/strong><\/p>\n<p><em>A remarca\u00e7\u00e3o dos Jogos Ol\u00edmpicos fez com que o COB reavaliasse o cronograma de atividades e o or\u00e7amento da entidade, priorizando sempre a participa\u00e7\u00e3o do Time Brasil em T\u00f3quio. Uma s\u00e9rie de fatores ser\u00e3o avaliados, como a renegocia\u00e7\u00e3o de contratos, a alta do d\u00f3lar e a arrecada\u00e7\u00e3o das loterias. Essa readequa\u00e7\u00e3o do planejamento passa por quest\u00f5es financeiras e operacionais.<\/em><\/p>\n<p><strong>9) Quais cuidados est\u00e3o sendo tomados com os atletas brasileiros neste momento?<\/strong><\/p>\n<p><em>O COB tem feito o que est\u00e1 ao seu alcance para ajudar os atletas nesta fase de isolamento social. Foram distribu\u00eddos kits de preven\u00e7\u00e3o e um Manual de Treinamento e Preven\u00e7\u00e3o ao Coronav\u00edrus, com orienta\u00e7\u00f5es voltadas \u00e0 alimenta\u00e7\u00e3o, ao sono e \u00e0 higiene pessoal.<\/em><\/p>\n<p><em>Os profissionais do COB est\u00e3o fazendo ainda atendimentos online, sobretudo os que trabalham com a \u00e1rea de prepara\u00e7\u00e3o mental. Este acompanhamento psicol\u00f3gico \u00e9 fundamental durante a quarentena, evitando abalos de ordem emocional.<\/em><\/p>\n<p><em>Foi organizada tamb\u00e9m uma opera\u00e7\u00e3o para trazer de volta ao pa\u00eds os atletas que estavam envolvidos em a\u00e7\u00f5es do Programa de Prepara\u00e7\u00e3o Ol\u00edmpica, realizadas em conjunto pelo Time Brasil e pelas Confedera\u00e7\u00f5es Esportivas. Todos j\u00e1 se encontram em suas resid\u00eancias, cumprindo o per\u00edodo de quarentena.<\/em><\/p>\n<p><strong>10) A elei\u00e7\u00e3o presidencial do COB segue mantida para o final de 2020?<\/strong><\/p>\n<p><em>O adiamento dos Jogos Ol\u00edmpicos de T\u00f3quio n\u00e3o modificar\u00e1 o processo eleitoral, que, segundo o Estatuto do COB, deve ser realizado no quarto trimestre, preferencialmente no m\u00eas de novembro.<\/em><\/p>\n<p>&nbsp;<\/p>\n<p><strong>Fonte:\u00a0<\/strong>COB<\/p>\n","protected":false},"excerpt":{"rendered":"<p>A decis\u00e3o do Comit\u00ea Ol\u00edmpico Internacional (COI), do Comit\u00ea Organizador T\u00f3quio 2020 (TOCOG) e do governo japon\u00eas de adiar os Jogos Ol\u00edmpicos para os dias 23 de julho a 8 de agosto de 2021 trouxe al\u00edvio ao esporte ol\u00edmpico brasileiro. Paralelamente, a not\u00edcia trouxe novos desafios para o planejamento do Comit\u00ea Ol\u00edmpico do Brasil (COB) [&hellip;]<\/p>\n","protected":false},"author":96,"featured_media":156991,"comment_status":"closed","ping_status":"closed","sticky":false,"template":"","format":"standard","meta":{"footnotes":""},"categories":[436,257,439],"tags":[],"class_list":["post-157899","post","type-post","status-publish","format-standard","has-post-thumbnail","hentry","category-destaque-da-semana","category-esporte","category-ultima-hora"],"_links":{"self":[{"href":"https:\/\/diarioregionaldigital.com.br\/index.php?rest_route=\/wp\/v2\/posts\/157899","targetHints":{"allow":["GET"]}}],"collection":[{"href":"https:\/\/diarioregionaldigital.com.br\/index.php?rest_route=\/wp\/v2\/posts"}],"about":[{"href":"https:\/\/diarioregionaldigital.com.br\/index.php?rest_route=\/wp\/v2\/types\/post"}],"author":[{"embeddable":true,"href":"https:\/\/diarioregionaldigital.com.br\/index.php?rest_route=\/wp\/v2\/users\/96"}],"replies":[{"embeddable":true,"href":"https:\/\/diarioregionaldigital.com.br\/index.php?rest_route=%2Fwp%2Fv2%2Fcomments&post=157899"}],"version-history":[{"count":0,"href":"https:\/\/diarioregionaldigital.com.br\/index.php?rest_route=\/wp\/v2\/posts\/157899\/revisions"}],"wp:featuredmedia":[{"embeddable":true,"href":"https:\/\/diarioregionaldigital.com.br\/index.php?rest_route=\/wp\/v2\/media\/156991"}],"wp:attachment":[{"href":"https:\/\/diarioregionaldigital.com.br\/index.php?rest_route=%2Fwp%2Fv2%2Fmedia&parent=157899"}],"wp:term":[{"taxonomy":"category","embeddable":true,"href":"https:\/\/diarioregionaldigital.com.br\/index.php?rest_route=%2Fwp%2Fv2%2Fcategories&post=157899"},{"taxonomy":"post_tag","embeddable":true,"href":"https:\/\/diarioregionaldigital.com.br\/index.php?rest_route=%2Fwp%2Fv2%2Ftags&post=157899"}],"curies":[{"name":"wp","href":"https:\/\/api.w.org\/{rel}","templated":true}]}}