{"id":157890,"date":"2020-04-03T15:01:39","date_gmt":"2020-04-03T18:01:39","guid":{"rendered":"https:\/\/diarioregionaldigital.com.br\/?p=157890"},"modified":"2020-04-03T15:01:39","modified_gmt":"2020-04-03T18:01:39","slug":"coronavirus-pode-reduzir-exportacoes-em-us-186-bi-informa-cni","status":"publish","type":"post","link":"https:\/\/diarioregionaldigital.com.br\/?p=157890","title":{"rendered":"Coronav\u00edrus pode reduzir exporta\u00e7\u00f5es em US$ 18,6 bi, informa CNI"},"content":{"rendered":"<p>A recess\u00e3o global gerada pela pandemia do novo coronav\u00edrus pode reduzir as exporta\u00e7\u00f5es em pelo menos US$ 18,6 bilh\u00f5es, informou a Confedera\u00e7\u00e3o Nacional da Ind\u00fastria (CNI). Isso equivale a 8,25% dos US$ 225,4 bilh\u00f5es exportados pelo pa\u00eds no ano passado. A entidade fez proje\u00e7\u00f5es iniciais baseada na estimativa de que o Produto Interno Bruto (PIB, soma dos bens e servi\u00e7os produzidos) global encolher\u00e1 1,1% em 2020.<\/p>\n<p>Em termos de volume, a pandemia de covid-19 deve acarretar a diminui\u00e7\u00e3o da quantidade exportada em 56 milh\u00f5es de toneladas. Isso representa queda de 11% em rela\u00e7\u00e3o ao volume embarcado do Brasil para o exterior em 2019.<\/p>\n<p>A Secretaria de Com\u00e9rcio Exterior do Minist\u00e9rio da Economia havia informado que a retomada das exporta\u00e7\u00f5es brasileiras depois da volta da normalidade ocorrer\u00e1 de forma lenta. Isso porque a demanda est\u00e1 baixa em todo o planeta. Com a dissemina\u00e7\u00e3o do novo coronav\u00edrus, v\u00e1rios pa\u00edses est\u00e3o adotando medidas para diminuir a circula\u00e7\u00e3o de pessoas, como o fechamento de fronteiras, de atividades n\u00e3o essenciais e isolamento social.<\/p>\n<p>Em nota, a CNI destacou que a proje\u00e7\u00e3o \u00e9 preliminar porque os balan\u00e7os se baseiam num cen\u00e1rio de recess\u00e3o global ampla. O levantamento n\u00e3o se refere a exporta\u00e7\u00f5es para mercados espec\u00edficos, porque ainda n\u00e3o h\u00e1 dados separados por pa\u00eds ou regi\u00e3o. A entidade, no entanto, informou que o impacto sobre as exporta\u00e7\u00f5es industriais depender\u00e1 das medidas tomadas por outros pa\u00edses latino-americanos, os principais destinos dos manufaturados brasileiros.<\/p>\n<p>&nbsp;<\/p>\n<p><strong>Fonte:\u00a0<\/strong>Ag\u00eancia Brasil<\/p>\n","protected":false},"excerpt":{"rendered":"<p>A recess\u00e3o global gerada pela pandemia do novo coronav\u00edrus pode reduzir as exporta\u00e7\u00f5es em pelo menos US$ 18,6 bilh\u00f5es, informou a Confedera\u00e7\u00e3o Nacional da Ind\u00fastria (CNI). Isso equivale a 8,25% dos US$ 225,4 bilh\u00f5es exportados pelo pa\u00eds no ano passado. A entidade fez proje\u00e7\u00f5es iniciais baseada na estimativa de que o Produto Interno Bruto (PIB, [&hellip;]<\/p>\n","protected":false},"author":96,"featured_media":157891,"comment_status":"closed","ping_status":"closed","sticky":false,"template":"","format":"standard","meta":{"footnotes":""},"categories":[436,261,439],"tags":[],"class_list":["post-157890","post","type-post","status-publish","format-standard","has-post-thumbnail","hentry","category-destaque-da-semana","category-economia","category-ultima-hora"],"_links":{"self":[{"href":"https:\/\/diarioregionaldigital.com.br\/index.php?rest_route=\/wp\/v2\/posts\/157890","targetHints":{"allow":["GET"]}}],"collection":[{"href":"https:\/\/diarioregionaldigital.com.br\/index.php?rest_route=\/wp\/v2\/posts"}],"about":[{"href":"https:\/\/diarioregionaldigital.com.br\/index.php?rest_route=\/wp\/v2\/types\/post"}],"author":[{"embeddable":true,"href":"https:\/\/diarioregionaldigital.com.br\/index.php?rest_route=\/wp\/v2\/users\/96"}],"replies":[{"embeddable":true,"href":"https:\/\/diarioregionaldigital.com.br\/index.php?rest_route=%2Fwp%2Fv2%2Fcomments&post=157890"}],"version-history":[{"count":0,"href":"https:\/\/diarioregionaldigital.com.br\/index.php?rest_route=\/wp\/v2\/posts\/157890\/revisions"}],"wp:featuredmedia":[{"embeddable":true,"href":"https:\/\/diarioregionaldigital.com.br\/index.php?rest_route=\/wp\/v2\/media\/157891"}],"wp:attachment":[{"href":"https:\/\/diarioregionaldigital.com.br\/index.php?rest_route=%2Fwp%2Fv2%2Fmedia&parent=157890"}],"wp:term":[{"taxonomy":"category","embeddable":true,"href":"https:\/\/diarioregionaldigital.com.br\/index.php?rest_route=%2Fwp%2Fv2%2Fcategories&post=157890"},{"taxonomy":"post_tag","embeddable":true,"href":"https:\/\/diarioregionaldigital.com.br\/index.php?rest_route=%2Fwp%2Fv2%2Ftags&post=157890"}],"curies":[{"name":"wp","href":"https:\/\/api.w.org\/{rel}","templated":true}]}}